{"id":2783,"date":"2025-10-07T17:30:07","date_gmt":"2025-10-07T17:30:07","guid":{"rendered":"https:\/\/www.quintadaspalmeiras.pt\/portal1\/?p=2783"},"modified":"2025-10-13T09:35:39","modified_gmt":"2025-10-13T09:35:39","slug":"cafe-autarquico","status":"publish","type":"post","link":"https:\/\/www.quintadaspalmeiras.pt\/portal1\/2025\/10\/07\/cafe-autarquico\/","title":{"rendered":"Caf\u00e9 aut\u00e1rquico &#8211; Ep.1"},"content":{"rendered":"<p>Os alunos que dinamizam o Projeto \u201cPol\u00edtica para futuros cidad\u00e3os\u201d apresentam uma sequ\u00eancia de entrevistas aos candidatos \u00e0 presid\u00eancia da C\u00e2mara Municipal da Covilh\u00e3, nas elei\u00e7\u00f5es que se realizam no pr\u00f3ximo domingo, dia 12 de outubro. O 1o dos entrevistados neste \u201cCaf\u00e9 aut\u00e1rquico\u201d \u00e9 o candidato pela CDU, Jorge Fael.<br \/>\nO interesse pela pol\u00edtica determina todo o dinamismo e criatividade revelado por estes jovens. A procura da informa\u00e7\u00e3o nas fontes certas \u00e9 um passo fundamental para a forma\u00e7\u00e3o de opini\u00f5es s\u00f3lidas e para a tomada de decis\u00f5es fundamentadas, atitudes imprescind\u00edveis numa democracia s\u00f3lida e madura.<br \/>\nParab\u00e9ns aos nossos alunos pela iniciativa!<\/p>\n<div style=\"width: 440px;\" class=\"wp-video\"><video class=\"wp-video-shortcode\" id=\"video-2783-1\" width=\"440\" height=\"1000\" preload=\"metadata\" controls=\"controls\"><source type=\"video\/mp4\" src=\"https:\/\/www.quintadaspalmeiras.pt\/portal1\/wp-content\/uploads\/2025\/10\/20251007_101131_Bk-1.mp4?_=1\" \/><a href=\"https:\/\/www.quintadaspalmeiras.pt\/portal1\/wp-content\/uploads\/2025\/10\/20251007_101131_Bk-1.mp4\">https:\/\/www.quintadaspalmeiras.pt\/portal1\/wp-content\/uploads\/2025\/10\/20251007_101131_Bk-1.mp4<\/a><\/video><\/div>\n","protected":false},"excerpt":{"rendered":"<p>Os alunos que dinamizam o Projeto \u201cPol\u00edtica para futuros cidad\u00e3os\u201d apresentam uma sequ\u00eancia de entrevistas aos candidatos \u00e0 presid\u00eancia da C\u00e2mara Municipal da Covilh\u00e3, nas elei\u00e7\u00f5es que se realizam no pr\u00f3ximo domingo, dia 12 de outubro. O 1o dos entrevistados neste \u201cCaf\u00e9 aut\u00e1rquico\u201d \u00e9 o candidato pela CDU, Jorge Fael. O interesse pela pol\u00edtica determina &hellip; <a href=\"https:\/\/www.quintadaspalmeiras.pt\/portal1\/2025\/10\/07\/cafe-autarquico\/\" class=\"more-link\">Continue reading<span class=\"screen-reader-text\"> &#8220;Caf\u00e9 aut\u00e1rquico &#8211; Ep.1&#8221;<\/span><\/a><\/p>\n","protected":false},"author":2,"featured_media":2789,"comment_status":"closed","ping_status":"closed","sticky":false,"template":"","format":"video","meta":{"_angie_page":false,"_crdt_document":"","page_builder":"","footnotes":""},"categories":[1],"tags":[],"class_list":["post-2783","post","type-post","status-publish","format-video","has-post-thumbnail","hentry","category-sem-categoria","post_format-post-format-video"],"_links":{"self":[{"href":"https:\/\/www.quintadaspalmeiras.pt\/portal1\/wp-json\/wp\/v2\/posts\/2783","targetHints":{"allow":["GET"]}}],"collection":[{"href":"https:\/\/www.quintadaspalmeiras.pt\/portal1\/wp-json\/wp\/v2\/posts"}],"about":[{"href":"https:\/\/www.quintadaspalmeiras.pt\/portal1\/wp-json\/wp\/v2\/types\/post"}],"author":[{"embeddable":true,"href":"https:\/\/www.quintadaspalmeiras.pt\/portal1\/wp-json\/wp\/v2\/users\/2"}],"replies":[{"embeddable":true,"href":"https:\/\/www.quintadaspalmeiras.pt\/portal1\/wp-json\/wp\/v2\/comments?post=2783"}],"version-history":[{"count":4,"href":"https:\/\/www.quintadaspalmeiras.pt\/portal1\/wp-json\/wp\/v2\/posts\/2783\/revisions"}],"predecessor-version":[{"id":2804,"href":"https:\/\/www.quintadaspalmeiras.pt\/portal1\/wp-json\/wp\/v2\/posts\/2783\/revisions\/2804"}],"wp:featuredmedia":[{"embeddable":true,"href":"https:\/\/www.quintadaspalmeiras.pt\/portal1\/wp-json\/wp\/v2\/media\/2789"}],"wp:attachment":[{"href":"https:\/\/www.quintadaspalmeiras.pt\/portal1\/wp-json\/wp\/v2\/media?parent=2783"}],"wp:term":[{"taxonomy":"category","embeddable":true,"href":"https:\/\/www.quintadaspalmeiras.pt\/portal1\/wp-json\/wp\/v2\/categories?post=2783"},{"taxonomy":"post_tag","embeddable":true,"href":"https:\/\/www.quintadaspalmeiras.pt\/portal1\/wp-json\/wp\/v2\/tags?post=2783"}],"curies":[{"name":"wp","href":"https:\/\/api.w.org\/{rel}","templated":true}]}}