{"id":2741,"date":"2025-10-02T10:31:46","date_gmt":"2025-10-02T10:31:46","guid":{"rendered":"https:\/\/www.quintadaspalmeiras.pt\/portal1\/?p=2741"},"modified":"2025-10-03T09:40:18","modified_gmt":"2025-10-03T09:40:18","slug":"dia-mundial-da-musica","status":"publish","type":"post","link":"https:\/\/www.quintadaspalmeiras.pt\/portal1\/2025\/10\/02\/dia-mundial-da-musica\/","title":{"rendered":"Projeto \u201cPalavras com Hist\u00f3ria &#8211; Hist\u00f3rias (Con) Vida&#8221; &#8211; Comemora\u00e7\u00e3o do Dia Mundial da M\u00fasica"},"content":{"rendered":"<p>No dia 1 de outubro de 1975 estabelecido pelo International Music Council, institui\u00e7\u00e3o criada pela UNESCO em 1949. Tem como objetivos promover a arte musical na sociedade, divulgar a diversidade musical, aplicar ideais e fundamentos da UNESCO, como a paz e a amizade entre as pessoas, a evolu\u00e7\u00e3o das culturas e a troca de experi\u00eancias.<br \/>\nFestej\u00e1mos este dia ao som do saxofone tocado pela In\u00eas Espinho da turma 8\u00ba B. Foi um momento sublime!<\/p>\n","protected":false},"excerpt":{"rendered":"<p>No dia 1 de outubro de 1975 estabelecido pelo International Music Council, institui\u00e7\u00e3o criada pela UNESCO em 1949. Tem como objetivos promover a arte musical na sociedade, divulgar a diversidade musical, aplicar ideais e fundamentos da UNESCO, como a paz e a amizade entre as pessoas, a evolu\u00e7\u00e3o das culturas e a troca de experi\u00eancias. &hellip; <a href=\"https:\/\/www.quintadaspalmeiras.pt\/portal1\/2025\/10\/02\/dia-mundial-da-musica\/\" class=\"more-link\">Continue reading<span class=\"screen-reader-text\"> &#8220;Projeto \u201cPalavras com Hist\u00f3ria &#8211; Hist\u00f3rias (Con) Vida&#8221; &#8211; Comemora\u00e7\u00e3o do Dia Mundial da M\u00fasica&#8221;<\/span><\/a><\/p>\n","protected":false},"author":2,"featured_media":2742,"comment_status":"closed","ping_status":"closed","sticky":false,"template":"","format":"standard","meta":{"_angie_page":false,"_crdt_document":"","page_builder":"","footnotes":""},"categories":[1],"tags":[],"class_list":["post-2741","post","type-post","status-publish","format-standard","has-post-thumbnail","hentry","category-sem-categoria"],"_links":{"self":[{"href":"https:\/\/www.quintadaspalmeiras.pt\/portal1\/wp-json\/wp\/v2\/posts\/2741","targetHints":{"allow":["GET"]}}],"collection":[{"href":"https:\/\/www.quintadaspalmeiras.pt\/portal1\/wp-json\/wp\/v2\/posts"}],"about":[{"href":"https:\/\/www.quintadaspalmeiras.pt\/portal1\/wp-json\/wp\/v2\/types\/post"}],"author":[{"embeddable":true,"href":"https:\/\/www.quintadaspalmeiras.pt\/portal1\/wp-json\/wp\/v2\/users\/2"}],"replies":[{"embeddable":true,"href":"https:\/\/www.quintadaspalmeiras.pt\/portal1\/wp-json\/wp\/v2\/comments?post=2741"}],"version-history":[{"count":4,"href":"https:\/\/www.quintadaspalmeiras.pt\/portal1\/wp-json\/wp\/v2\/posts\/2741\/revisions"}],"predecessor-version":[{"id":2748,"href":"https:\/\/www.quintadaspalmeiras.pt\/portal1\/wp-json\/wp\/v2\/posts\/2741\/revisions\/2748"}],"wp:featuredmedia":[{"embeddable":true,"href":"https:\/\/www.quintadaspalmeiras.pt\/portal1\/wp-json\/wp\/v2\/media\/2742"}],"wp:attachment":[{"href":"https:\/\/www.quintadaspalmeiras.pt\/portal1\/wp-json\/wp\/v2\/media?parent=2741"}],"wp:term":[{"taxonomy":"category","embeddable":true,"href":"https:\/\/www.quintadaspalmeiras.pt\/portal1\/wp-json\/wp\/v2\/categories?post=2741"},{"taxonomy":"post_tag","embeddable":true,"href":"https:\/\/www.quintadaspalmeiras.pt\/portal1\/wp-json\/wp\/v2\/tags?post=2741"}],"curies":[{"name":"wp","href":"https:\/\/api.w.org\/{rel}","templated":true}]}}