{"id":2732,"date":"2025-10-01T09:25:01","date_gmt":"2025-10-01T09:25:01","guid":{"rendered":"https:\/\/www.quintadaspalmeiras.pt\/portal1\/?p=2732"},"modified":"2025-10-01T09:26:56","modified_gmt":"2025-10-01T09:26:56","slug":"projeto-politica-para-futuros-cidadaos-2","status":"publish","type":"post","link":"https:\/\/www.quintadaspalmeiras.pt\/portal1\/2025\/10\/01\/projeto-politica-para-futuros-cidadaos-2\/","title":{"rendered":"Projeto &#8220;Pol\u00edtica para futuros cidad\u00e3os&#8221;"},"content":{"rendered":"<div dir=\"auto\">A equipa do projeto de alunos para alunos &#8220;Pol\u00edtica para futuros cidad\u00e3os&#8221; iniciou este ano letivo com novos elementos e est\u00e1 pronta para iniciar um trabalho de qualidade, em prol do aprofundamento da literacia pol\u00edtica dos alunos da nossa escola.<\/div>\n<div>A equipa produziu uma nova imagem para as redes sociais, criaram um novo logotipo, definiram os pilares em que assenta o projeto e delinearam o plano de a\u00e7\u00e3o para este ano letivo, constitu\u00eddo por uma vasta lista de atividades entre as quais debates, conversas, publica\u00e7\u00f5es&#8230;<\/div>\n<div>Neste momento est\u00e3o a promover a iniciativa &#8220;Caf\u00e9 aut\u00e1rquico&#8221; que consiste numa entrevista aos candidatos \u00e0 C\u00e2mara Municipal da Covilh\u00e3, nas pr\u00f3ximas elei\u00e7\u00f5es de dia 12 de outubro.<\/p>\n<\/div>\n<div><\/div>\n<div style=\"text-align: center;\"><img decoding=\"async\" class=\"alignnone wp-image-2733 lazyload\" data-src=\"https:\/\/www.quintadaspalmeiras.pt\/portal1\/wp-content\/uploads\/2025\/10\/pfc1-300x170.jpg\" alt=\"\" width=\"977\" height=\"554\" data-srcset=\"https:\/\/www.quintadaspalmeiras.pt\/portal1\/wp-content\/uploads\/2025\/10\/pfc1-300x170.jpg 300w, https:\/\/www.quintadaspalmeiras.pt\/portal1\/wp-content\/uploads\/2025\/10\/pfc1-1024x580.jpg 1024w, https:\/\/www.quintadaspalmeiras.pt\/portal1\/wp-content\/uploads\/2025\/10\/pfc1-768x435.jpg 768w, https:\/\/www.quintadaspalmeiras.pt\/portal1\/wp-content\/uploads\/2025\/10\/pfc1.jpg 1107w\" data-sizes=\"(max-width: 709px) 85vw, (max-width: 909px) 67vw, (max-width: 1362px) 62vw, 840px\" src=\"data:image\/svg+xml;base64,PHN2ZyB3aWR0aD0iMSIgaGVpZ2h0PSIxIiB4bWxucz0iaHR0cDovL3d3dy53My5vcmcvMjAwMC9zdmciPjwvc3ZnPg==\" style=\"--smush-placeholder-width: 977px; --smush-placeholder-aspect-ratio: 977\/554;\" \/><\/div>\n","protected":false},"excerpt":{"rendered":"<p>A equipa do projeto de alunos para alunos &#8220;Pol\u00edtica para futuros cidad\u00e3os&#8221; iniciou este ano letivo com novos elementos e est\u00e1 pronta para iniciar um trabalho de qualidade, em prol do aprofundamento da literacia pol\u00edtica dos alunos da nossa escola. A equipa produziu uma nova imagem para as redes sociais, criaram um novo logotipo, definiram &hellip; <a href=\"https:\/\/www.quintadaspalmeiras.pt\/portal1\/2025\/10\/01\/projeto-politica-para-futuros-cidadaos-2\/\" class=\"more-link\">Continue reading<span class=\"screen-reader-text\"> &#8220;Projeto &#8220;Pol\u00edtica para futuros cidad\u00e3os&#8221;&#8221;<\/span><\/a><\/p>\n","protected":false},"author":2,"featured_media":2734,"comment_status":"closed","ping_status":"closed","sticky":false,"template":"","format":"standard","meta":{"_angie_page":false,"_crdt_document":"","page_builder":"","footnotes":""},"categories":[1],"tags":[],"class_list":["post-2732","post","type-post","status-publish","format-standard","has-post-thumbnail","hentry","category-sem-categoria"],"_links":{"self":[{"href":"https:\/\/www.quintadaspalmeiras.pt\/portal1\/wp-json\/wp\/v2\/posts\/2732","targetHints":{"allow":["GET"]}}],"collection":[{"href":"https:\/\/www.quintadaspalmeiras.pt\/portal1\/wp-json\/wp\/v2\/posts"}],"about":[{"href":"https:\/\/www.quintadaspalmeiras.pt\/portal1\/wp-json\/wp\/v2\/types\/post"}],"author":[{"embeddable":true,"href":"https:\/\/www.quintadaspalmeiras.pt\/portal1\/wp-json\/wp\/v2\/users\/2"}],"replies":[{"embeddable":true,"href":"https:\/\/www.quintadaspalmeiras.pt\/portal1\/wp-json\/wp\/v2\/comments?post=2732"}],"version-history":[{"count":3,"href":"https:\/\/www.quintadaspalmeiras.pt\/portal1\/wp-json\/wp\/v2\/posts\/2732\/revisions"}],"predecessor-version":[{"id":2737,"href":"https:\/\/www.quintadaspalmeiras.pt\/portal1\/wp-json\/wp\/v2\/posts\/2732\/revisions\/2737"}],"wp:featuredmedia":[{"embeddable":true,"href":"https:\/\/www.quintadaspalmeiras.pt\/portal1\/wp-json\/wp\/v2\/media\/2734"}],"wp:attachment":[{"href":"https:\/\/www.quintadaspalmeiras.pt\/portal1\/wp-json\/wp\/v2\/media?parent=2732"}],"wp:term":[{"taxonomy":"category","embeddable":true,"href":"https:\/\/www.quintadaspalmeiras.pt\/portal1\/wp-json\/wp\/v2\/categories?post=2732"},{"taxonomy":"post_tag","embeddable":true,"href":"https:\/\/www.quintadaspalmeiras.pt\/portal1\/wp-json\/wp\/v2\/tags?post=2732"}],"curies":[{"name":"wp","href":"https:\/\/api.w.org\/{rel}","templated":true}]}}