{"id":2692,"date":"2025-09-21T17:53:53","date_gmt":"2025-09-21T17:53:53","guid":{"rendered":"https:\/\/www.quintadaspalmeiras.pt\/portal1\/?p=2692"},"modified":"2025-09-22T15:10:22","modified_gmt":"2025-09-22T15:10:22","slug":"2692","status":"publish","type":"post","link":"https:\/\/www.quintadaspalmeiras.pt\/portal1\/2025\/09\/21\/2692\/","title":{"rendered":"Feira dos F\u00f3sseis, Minerais e Rochas"},"content":{"rendered":"<div>A Feira dos F\u00f3sseis, Minerais e Rochas ir\u00e1 decorrer na pr\u00f3xima semana, <b>2\u00aa Feira 22\/09\u00a0<\/b>(10h00-12h45 e 14h30-17h30),\u00a0<b>3\u00aa Feira 23\/09<\/b>\u00a0(09h05-12h45 e 14h30-17h30) e\u00a0<b>4\u00aa feira 24\/09<\/b>\u00a0(09h05-12h45), na Biblioteca Escolar\/CTE.<\/div>\n<div style=\"text-align: center;\"><img decoding=\"async\" class=\"alignnone wp-image-2693 lazyload\" data-src=\"https:\/\/www.quintadaspalmeiras.pt\/portal1\/wp-content\/uploads\/2025\/09\/Feira-dos-minerais-rochas-e-fosseis-225x300.jpg\" alt=\"\" width=\"533\" height=\"711\" data-srcset=\"https:\/\/www.quintadaspalmeiras.pt\/portal1\/wp-content\/uploads\/2025\/09\/Feira-dos-minerais-rochas-e-fosseis-225x300.jpg 225w, https:\/\/www.quintadaspalmeiras.pt\/portal1\/wp-content\/uploads\/2025\/09\/Feira-dos-minerais-rochas-e-fosseis.jpg 412w\" data-sizes=\"(max-width: 533px) 85vw, 533px\" src=\"data:image\/svg+xml;base64,PHN2ZyB3aWR0aD0iMSIgaGVpZ2h0PSIxIiB4bWxucz0iaHR0cDovL3d3dy53My5vcmcvMjAwMC9zdmciPjwvc3ZnPg==\" style=\"--smush-placeholder-width: 533px; --smush-placeholder-aspect-ratio: 533\/711;\" \/><\/div>\n<div><\/div>\n","protected":false},"excerpt":{"rendered":"<p>A Feira dos F\u00f3sseis, Minerais e Rochas ir\u00e1 decorrer na pr\u00f3xima semana, 2\u00aa Feira 22\/09\u00a0(10h00-12h45 e 14h30-17h30),\u00a03\u00aa Feira 23\/09\u00a0(09h05-12h45 e 14h30-17h30) e\u00a04\u00aa feira 24\/09\u00a0(09h05-12h45), na Biblioteca Escolar\/CTE.<\/p>\n","protected":false},"author":2,"featured_media":2695,"comment_status":"closed","ping_status":"closed","sticky":false,"template":"","format":"standard","meta":{"_angie_page":false,"_crdt_document":"","page_builder":"","footnotes":""},"categories":[1],"tags":[],"class_list":["post-2692","post","type-post","status-publish","format-standard","has-post-thumbnail","hentry","category-sem-categoria"],"_links":{"self":[{"href":"https:\/\/www.quintadaspalmeiras.pt\/portal1\/wp-json\/wp\/v2\/posts\/2692","targetHints":{"allow":["GET"]}}],"collection":[{"href":"https:\/\/www.quintadaspalmeiras.pt\/portal1\/wp-json\/wp\/v2\/posts"}],"about":[{"href":"https:\/\/www.quintadaspalmeiras.pt\/portal1\/wp-json\/wp\/v2\/types\/post"}],"author":[{"embeddable":true,"href":"https:\/\/www.quintadaspalmeiras.pt\/portal1\/wp-json\/wp\/v2\/users\/2"}],"replies":[{"embeddable":true,"href":"https:\/\/www.quintadaspalmeiras.pt\/portal1\/wp-json\/wp\/v2\/comments?post=2692"}],"version-history":[{"count":4,"href":"https:\/\/www.quintadaspalmeiras.pt\/portal1\/wp-json\/wp\/v2\/posts\/2692\/revisions"}],"predecessor-version":[{"id":2700,"href":"https:\/\/www.quintadaspalmeiras.pt\/portal1\/wp-json\/wp\/v2\/posts\/2692\/revisions\/2700"}],"wp:featuredmedia":[{"embeddable":true,"href":"https:\/\/www.quintadaspalmeiras.pt\/portal1\/wp-json\/wp\/v2\/media\/2695"}],"wp:attachment":[{"href":"https:\/\/www.quintadaspalmeiras.pt\/portal1\/wp-json\/wp\/v2\/media?parent=2692"}],"wp:term":[{"taxonomy":"category","embeddable":true,"href":"https:\/\/www.quintadaspalmeiras.pt\/portal1\/wp-json\/wp\/v2\/categories?post=2692"},{"taxonomy":"post_tag","embeddable":true,"href":"https:\/\/www.quintadaspalmeiras.pt\/portal1\/wp-json\/wp\/v2\/tags?post=2692"}],"curies":[{"name":"wp","href":"https:\/\/api.w.org\/{rel}","templated":true}]}}