{"id":2681,"date":"2025-09-19T09:22:35","date_gmt":"2025-09-19T09:22:35","guid":{"rendered":"https:\/\/www.quintadaspalmeiras.pt\/portal1\/?p=2681"},"modified":"2025-10-16T18:30:53","modified_gmt":"2025-10-16T18:30:53","slug":"contratacao-de-escola-horario-no10-290-educacao-moral-religiosa-catolica-1-hora","status":"publish","type":"post","link":"https:\/\/www.quintadaspalmeiras.pt\/portal1\/2025\/09\/19\/contratacao-de-escola-horario-no10-290-educacao-moral-religiosa-catolica-1-hora\/","title":{"rendered":"CONTRATA\u00c7\u00c3O DE ESCOLA &#8211; Hor\u00e1rio N\u00ba10 &#8211; 290 &#8211; Educa\u00e7\u00e3o Moral Religiosa Cat\u00f3lica &#8211; 1 hora"},"content":{"rendered":"<a href=\"https:\/\/www.quintadaspalmeiras.pt\/portal1\/wp-content\/uploads\/2025\/09\/Horario-No10-290-Aviso-de-Abertura-Religiao-e-Moral.pdf\" class=\"pdfemb-viewer\" style=\"\" data-width=\"max\" data-height=\"max\" data-toolbar=\"bottom\" data-toolbar-fixed=\"off\">Hor\u00e1rio N\u00ba10 - 290 - Aviso de Abertura - Religi\u00e3o e Moral<\/a>\n<hr \/>\n<p>23\/09\/2025 &#8211; Lista Ordenada<\/p>\n<a href=\"https:\/\/www.quintadaspalmeiras.pt\/portal1\/wp-content\/uploads\/2025\/09\/Lista-Ordenada-Afixacao-Horario-No10-290-Religiao-e-Moral.pdf\" class=\"pdfemb-viewer\" style=\"\" data-width=\"max\" data-height=\"max\" data-toolbar=\"bottom\" data-toolbar-fixed=\"off\">Lista Ordenada Afixac\u0327a\u0303o - Hora\u0301rio N\u00ba10 - 290 - Religia\u0303o e Moral<\/a>\n<hr \/>\n<p>16\/10\/2025<\/p>\n<p style=\"text-align: center;\">CONCURSO ANULADO<\/p>\n","protected":false},"excerpt":{"rendered":"<p>23\/09\/2025 &#8211; Lista Ordenada 16\/10\/2025 CONCURSO ANULADO<\/p>\n","protected":false},"author":1,"featured_media":0,"comment_status":"closed","ping_status":"closed","sticky":false,"template":"","format":"standard","meta":{"_angie_page":false,"_crdt_document":"","page_builder":"","footnotes":""},"categories":[8],"tags":[],"class_list":["post-2681","post","type-post","status-publish","format-standard","hentry","category-concursos"],"_links":{"self":[{"href":"https:\/\/www.quintadaspalmeiras.pt\/portal1\/wp-json\/wp\/v2\/posts\/2681","targetHints":{"allow":["GET"]}}],"collection":[{"href":"https:\/\/www.quintadaspalmeiras.pt\/portal1\/wp-json\/wp\/v2\/posts"}],"about":[{"href":"https:\/\/www.quintadaspalmeiras.pt\/portal1\/wp-json\/wp\/v2\/types\/post"}],"author":[{"embeddable":true,"href":"https:\/\/www.quintadaspalmeiras.pt\/portal1\/wp-json\/wp\/v2\/users\/1"}],"replies":[{"embeddable":true,"href":"https:\/\/www.quintadaspalmeiras.pt\/portal1\/wp-json\/wp\/v2\/comments?post=2681"}],"version-history":[{"count":6,"href":"https:\/\/www.quintadaspalmeiras.pt\/portal1\/wp-json\/wp\/v2\/posts\/2681\/revisions"}],"predecessor-version":[{"id":2850,"href":"https:\/\/www.quintadaspalmeiras.pt\/portal1\/wp-json\/wp\/v2\/posts\/2681\/revisions\/2850"}],"wp:attachment":[{"href":"https:\/\/www.quintadaspalmeiras.pt\/portal1\/wp-json\/wp\/v2\/media?parent=2681"}],"wp:term":[{"taxonomy":"category","embeddable":true,"href":"https:\/\/www.quintadaspalmeiras.pt\/portal1\/wp-json\/wp\/v2\/categories?post=2681"},{"taxonomy":"post_tag","embeddable":true,"href":"https:\/\/www.quintadaspalmeiras.pt\/portal1\/wp-json\/wp\/v2\/tags?post=2681"}],"curies":[{"name":"wp","href":"https:\/\/api.w.org\/{rel}","templated":true}]}}