{"id":2671,"date":"2025-09-16T09:27:50","date_gmt":"2025-09-16T09:27:50","guid":{"rendered":"https:\/\/www.quintadaspalmeiras.pt\/portal1\/?p=2671"},"modified":"2025-09-16T09:27:50","modified_gmt":"2025-09-16T09:27:50","slug":"50-listas-de-leitura-escola-selecionada","status":"publish","type":"post","link":"https:\/\/www.quintadaspalmeiras.pt\/portal1\/2025\/09\/16\/50-listas-de-leitura-escola-selecionada\/","title":{"rendered":"50 Listas de Leitura \u2013 Escola selecionada"},"content":{"rendered":"<p style=\"text-align: center;\"><img decoding=\"async\" class=\"alignnone  wp-image-2672 lazyload\" data-src=\"https:\/\/www.quintadaspalmeiras.pt\/portal1\/wp-content\/uploads\/2025\/09\/pnl2027-300x55.png\" alt=\"\" width=\"616\" height=\"113\" data-srcset=\"https:\/\/www.quintadaspalmeiras.pt\/portal1\/wp-content\/uploads\/2025\/09\/pnl2027-300x55.png 300w, https:\/\/www.quintadaspalmeiras.pt\/portal1\/wp-content\/uploads\/2025\/09\/pnl2027.png 617w\" data-sizes=\"(max-width: 709px) 85vw, (max-width: 909px) 67vw, (max-width: 984px) 61vw, (max-width: 1362px) 45vw, 600px\" src=\"data:image\/svg+xml;base64,PHN2ZyB3aWR0aD0iMSIgaGVpZ2h0PSIxIiB4bWxucz0iaHR0cDovL3d3dy53My5vcmcvMjAwMC9zdmciPjwvc3ZnPg==\" style=\"--smush-placeholder-width: 616px; --smush-placeholder-aspect-ratio: 616\/113;\" \/><\/p>\n<p><strong>A nossa Biblioteca Escolar recebe verba para refor\u00e7o do fundo documental!<\/strong><\/p>\n<p>A nossa Biblioteca Escolar foi contemplada com uma verba de <strong>2 000 \u20ac<\/strong>, no \u00e2mbito do concurso <strong>\u201c50 listas de leitura\u201d<\/strong>, promovido pelo Plano Nacional de Leitura (PNL).<\/p>\n<p>Este apoio permitir\u00e1 refor\u00e7ar e atualizar as propostas de leitura dispon\u00edveis para toda a comunidade escolar, enriquecendo o acervo da BE e abrindo novas portas de conhecimento, imagina\u00e7\u00e3o e descoberta.<\/p>\n<p>Estamos muito felizes com esta conquista, que ser\u00e1 certamente um impulso para promover ainda mais o gosto pela leitura!<\/p>\n<p>Fiquem atentos: muitas novidades est\u00e3o a caminho das estantes da BE!<\/p>\n","protected":false},"excerpt":{"rendered":"<p>A nossa Biblioteca Escolar recebe verba para refor\u00e7o do fundo documental! A nossa Biblioteca Escolar foi contemplada com uma verba de 2 000 \u20ac, no \u00e2mbito do concurso \u201c50 listas de leitura\u201d, promovido pelo Plano Nacional de Leitura (PNL). Este apoio permitir\u00e1 refor\u00e7ar e atualizar as propostas de leitura dispon\u00edveis para toda a comunidade escolar, &hellip; <a href=\"https:\/\/www.quintadaspalmeiras.pt\/portal1\/2025\/09\/16\/50-listas-de-leitura-escola-selecionada\/\" class=\"more-link\">Continue reading<span class=\"screen-reader-text\"> &#8220;50 Listas de Leitura \u2013 Escola selecionada&#8221;<\/span><\/a><\/p>\n","protected":false},"author":2,"featured_media":2673,"comment_status":"closed","ping_status":"closed","sticky":false,"template":"","format":"standard","meta":{"_angie_page":false,"_crdt_document":"","page_builder":"","footnotes":""},"categories":[1],"tags":[],"class_list":["post-2671","post","type-post","status-publish","format-standard","has-post-thumbnail","hentry","category-sem-categoria"],"_links":{"self":[{"href":"https:\/\/www.quintadaspalmeiras.pt\/portal1\/wp-json\/wp\/v2\/posts\/2671","targetHints":{"allow":["GET"]}}],"collection":[{"href":"https:\/\/www.quintadaspalmeiras.pt\/portal1\/wp-json\/wp\/v2\/posts"}],"about":[{"href":"https:\/\/www.quintadaspalmeiras.pt\/portal1\/wp-json\/wp\/v2\/types\/post"}],"author":[{"embeddable":true,"href":"https:\/\/www.quintadaspalmeiras.pt\/portal1\/wp-json\/wp\/v2\/users\/2"}],"replies":[{"embeddable":true,"href":"https:\/\/www.quintadaspalmeiras.pt\/portal1\/wp-json\/wp\/v2\/comments?post=2671"}],"version-history":[{"count":1,"href":"https:\/\/www.quintadaspalmeiras.pt\/portal1\/wp-json\/wp\/v2\/posts\/2671\/revisions"}],"predecessor-version":[{"id":2674,"href":"https:\/\/www.quintadaspalmeiras.pt\/portal1\/wp-json\/wp\/v2\/posts\/2671\/revisions\/2674"}],"wp:featuredmedia":[{"embeddable":true,"href":"https:\/\/www.quintadaspalmeiras.pt\/portal1\/wp-json\/wp\/v2\/media\/2673"}],"wp:attachment":[{"href":"https:\/\/www.quintadaspalmeiras.pt\/portal1\/wp-json\/wp\/v2\/media?parent=2671"}],"wp:term":[{"taxonomy":"category","embeddable":true,"href":"https:\/\/www.quintadaspalmeiras.pt\/portal1\/wp-json\/wp\/v2\/categories?post=2671"},{"taxonomy":"post_tag","embeddable":true,"href":"https:\/\/www.quintadaspalmeiras.pt\/portal1\/wp-json\/wp\/v2\/tags?post=2671"}],"curies":[{"name":"wp","href":"https:\/\/api.w.org\/{rel}","templated":true}]}}