{"id":2641,"date":"2025-08-29T20:03:12","date_gmt":"2025-08-29T20:03:12","guid":{"rendered":"https:\/\/www.quintadaspalmeiras.pt\/portal1\/?p=2641"},"modified":"2025-09-07T11:27:41","modified_gmt":"2025-09-07T11:27:41","slug":"levantamento-dos-manuais-escolares","status":"publish","type":"post","link":"https:\/\/www.quintadaspalmeiras.pt\/portal1\/2025\/08\/29\/levantamento-dos-manuais-escolares\/","title":{"rendered":"Levantamento dos Manuais Escolares"},"content":{"rendered":"<p style=\"text-align: center;\"><strong>Nova Data Agendada| Levantamento de Manuais Escolares\u00a0<\/strong><\/p>\n<p style=\"text-align: center;\">J\u00e1 foi <strong>agendada uma nova data<\/strong> para o levantamento dos manuais escolares, <strong>08 de Setembro de 2025<\/strong>, nos seguintes hor\u00e1rios:<\/p>\n<p style=\"text-align: center;\">\ud83d\udd58 <strong>Manh\u00e3:<\/strong> 09h \u00e0s 12h<\/p>\n<p style=\"text-align: center;\">\ud83d\udd51 <strong>Tarde:<\/strong> 14h \u00e0s 16h<\/p>\n<p style=\"text-align: center;\">\u26a0\ufe0f Nota importante: Os <strong>manuais dos cursos profissionais e digitais<\/strong> ser\u00e3o atribu\u00eddos apenas no <strong>in\u00edcio do ano letivo<\/strong>.<\/p>\n<p style=\"text-align: center;\">Agradecemos a compreens\u00e3o de todos.<\/p>\n","protected":false},"excerpt":{"rendered":"<p>Nova Data Agendada| Levantamento de Manuais Escolares\u00a0 J\u00e1 foi agendada uma nova data para o levantamento dos manuais escolares, 08 de Setembro de 2025, nos seguintes hor\u00e1rios: \ud83d\udd58 Manh\u00e3: 09h \u00e0s 12h \ud83d\udd51 Tarde: 14h \u00e0s 16h \u26a0\ufe0f Nota importante: Os manuais dos cursos profissionais e digitais ser\u00e3o atribu\u00eddos apenas no in\u00edcio do ano letivo. &hellip; <a href=\"https:\/\/www.quintadaspalmeiras.pt\/portal1\/2025\/08\/29\/levantamento-dos-manuais-escolares\/\" class=\"more-link\">Continue reading<span class=\"screen-reader-text\"> &#8220;Levantamento dos Manuais Escolares&#8221;<\/span><\/a><\/p>\n","protected":false},"author":1,"featured_media":2652,"comment_status":"closed","ping_status":"closed","sticky":false,"template":"","format":"standard","meta":{"_angie_page":false,"_crdt_document":"","page_builder":"","footnotes":""},"categories":[1],"tags":[15],"class_list":["post-2641","post","type-post","status-publish","format-standard","has-post-thumbnail","hentry","category-sem-categoria","tag-manuais-escolares"],"_links":{"self":[{"href":"https:\/\/www.quintadaspalmeiras.pt\/portal1\/wp-json\/wp\/v2\/posts\/2641","targetHints":{"allow":["GET"]}}],"collection":[{"href":"https:\/\/www.quintadaspalmeiras.pt\/portal1\/wp-json\/wp\/v2\/posts"}],"about":[{"href":"https:\/\/www.quintadaspalmeiras.pt\/portal1\/wp-json\/wp\/v2\/types\/post"}],"author":[{"embeddable":true,"href":"https:\/\/www.quintadaspalmeiras.pt\/portal1\/wp-json\/wp\/v2\/users\/1"}],"replies":[{"embeddable":true,"href":"https:\/\/www.quintadaspalmeiras.pt\/portal1\/wp-json\/wp\/v2\/comments?post=2641"}],"version-history":[{"count":4,"href":"https:\/\/www.quintadaspalmeiras.pt\/portal1\/wp-json\/wp\/v2\/posts\/2641\/revisions"}],"predecessor-version":[{"id":2662,"href":"https:\/\/www.quintadaspalmeiras.pt\/portal1\/wp-json\/wp\/v2\/posts\/2641\/revisions\/2662"}],"wp:featuredmedia":[{"embeddable":true,"href":"https:\/\/www.quintadaspalmeiras.pt\/portal1\/wp-json\/wp\/v2\/media\/2652"}],"wp:attachment":[{"href":"https:\/\/www.quintadaspalmeiras.pt\/portal1\/wp-json\/wp\/v2\/media?parent=2641"}],"wp:term":[{"taxonomy":"category","embeddable":true,"href":"https:\/\/www.quintadaspalmeiras.pt\/portal1\/wp-json\/wp\/v2\/categories?post=2641"},{"taxonomy":"post_tag","embeddable":true,"href":"https:\/\/www.quintadaspalmeiras.pt\/portal1\/wp-json\/wp\/v2\/tags?post=2641"}],"curies":[{"name":"wp","href":"https:\/\/api.w.org\/{rel}","templated":true}]}}