{"id":225,"date":"2024-09-05T08:00:43","date_gmt":"2024-09-05T08:00:43","guid":{"rendered":"https:\/\/www.quintadaspalmeiras.pt\/portal1\/?p=225"},"modified":"2024-09-05T15:18:47","modified_gmt":"2024-09-05T15:18:47","slug":"manuais-escolares-informacao","status":"publish","type":"post","link":"https:\/\/www.quintadaspalmeiras.pt\/portal1\/2024\/09\/05\/manuais-escolares-informacao\/","title":{"rendered":"Manuais Escolares &#8211; Informa\u00e7\u00e3o"},"content":{"rendered":"<p>A pr\u00f3xima data para o levantamento dos manuais escolares \u00e9 dia 11 de Setembro das 14:00 horas \u00e0s 17:00 horas.<\/p>\n","protected":false},"excerpt":{"rendered":"<p>A pr\u00f3xima data para o levantamento dos manuais escolares \u00e9 dia 11 de Setembro das 14:00 horas \u00e0s 17:00 horas.<\/p>\n","protected":false},"author":1,"featured_media":226,"comment_status":"closed","ping_status":"closed","sticky":false,"template":"","format":"standard","meta":{"_angie_page":false,"_crdt_document":"","page_builder":"","footnotes":""},"categories":[1],"tags":[4],"class_list":["post-225","post","type-post","status-publish","format-standard","has-post-thumbnail","hentry","category-sem-categoria","tag-manuais-escolaras"],"_links":{"self":[{"href":"https:\/\/www.quintadaspalmeiras.pt\/portal1\/wp-json\/wp\/v2\/posts\/225","targetHints":{"allow":["GET"]}}],"collection":[{"href":"https:\/\/www.quintadaspalmeiras.pt\/portal1\/wp-json\/wp\/v2\/posts"}],"about":[{"href":"https:\/\/www.quintadaspalmeiras.pt\/portal1\/wp-json\/wp\/v2\/types\/post"}],"author":[{"embeddable":true,"href":"https:\/\/www.quintadaspalmeiras.pt\/portal1\/wp-json\/wp\/v2\/users\/1"}],"replies":[{"embeddable":true,"href":"https:\/\/www.quintadaspalmeiras.pt\/portal1\/wp-json\/wp\/v2\/comments?post=225"}],"version-history":[{"count":3,"href":"https:\/\/www.quintadaspalmeiras.pt\/portal1\/wp-json\/wp\/v2\/posts\/225\/revisions"}],"predecessor-version":[{"id":456,"href":"https:\/\/www.quintadaspalmeiras.pt\/portal1\/wp-json\/wp\/v2\/posts\/225\/revisions\/456"}],"wp:featuredmedia":[{"embeddable":true,"href":"https:\/\/www.quintadaspalmeiras.pt\/portal1\/wp-json\/wp\/v2\/media\/226"}],"wp:attachment":[{"href":"https:\/\/www.quintadaspalmeiras.pt\/portal1\/wp-json\/wp\/v2\/media?parent=225"}],"wp:term":[{"taxonomy":"category","embeddable":true,"href":"https:\/\/www.quintadaspalmeiras.pt\/portal1\/wp-json\/wp\/v2\/categories?post=225"},{"taxonomy":"post_tag","embeddable":true,"href":"https:\/\/www.quintadaspalmeiras.pt\/portal1\/wp-json\/wp\/v2\/tags?post=225"}],"curies":[{"name":"wp","href":"https:\/\/api.w.org\/{rel}","templated":true}]}}