{"id":1428,"date":"2025-01-09T08:43:44","date_gmt":"2025-01-09T08:43:44","guid":{"rendered":"https:\/\/www.quintadaspalmeiras.pt\/portal1\/?p=1428"},"modified":"2025-01-09T08:43:44","modified_gmt":"2025-01-09T08:43:44","slug":"visita-a-casa-de-antero-de-quental-e-a-casa-de-camilo-castelo-branco","status":"publish","type":"post","link":"https:\/\/www.quintadaspalmeiras.pt\/portal1\/2025\/01\/09\/visita-a-casa-de-antero-de-quental-e-a-casa-de-camilo-castelo-branco\/","title":{"rendered":"Visita \u00e0 casa de Antero de Quental e \u00e0 casa de Camilo Castelo Branco"},"content":{"rendered":"<p>No passado dia 7 de janeiro, 48 alunos que frequentam o 11\u00ba ano, na nossa escola, acompanhados pelos docentes Albertina Leit\u00e3o, Albano Costa, Goreti Martins e Joaquim Nave, participaram numa visita de estudo organizada pela equipa da BE, em colabora\u00e7\u00e3o com o grupo disciplinar de Portugu\u00eas.<\/p>\n<p>No per\u00edodo da manh\u00e3, o grupo foi recebido na Casa Antero de Quental, situada em Vila do Conde, \u00faltima resid\u00eancia do escritor, entre os anos de 1881 e 1891, no continente. Durante a sua perman\u00eancia em Vila do Conde, Antero de Quental escreveu uma parte significativa da sua obra, merc\u00ea do ambiente calmo, buc\u00f3lico e inspirador desta cidade.<\/p>\n<p style=\"text-align: center;\"><img decoding=\"async\" class=\"alignnone  wp-image-1429 lazyload\" data-src=\"https:\/\/www.quintadaspalmeiras.pt\/portal1\/wp-content\/uploads\/2025\/01\/22722509_SUoYp-300x225.jpeg\" alt=\"\" width=\"571\" height=\"428\" data-srcset=\"https:\/\/www.quintadaspalmeiras.pt\/portal1\/wp-content\/uploads\/2025\/01\/22722509_SUoYp-300x225.jpeg 300w, https:\/\/www.quintadaspalmeiras.pt\/portal1\/wp-content\/uploads\/2025\/01\/22722509_SUoYp-768x576.jpeg 768w, https:\/\/www.quintadaspalmeiras.pt\/portal1\/wp-content\/uploads\/2025\/01\/22722509_SUoYp.jpeg 960w\" data-sizes=\"(max-width: 571px) 85vw, 571px\" src=\"data:image\/svg+xml;base64,PHN2ZyB3aWR0aD0iMSIgaGVpZ2h0PSIxIiB4bWxucz0iaHR0cDovL3d3dy53My5vcmcvMjAwMC9zdmciPjwvc3ZnPg==\" style=\"--smush-placeholder-width: 571px; --smush-placeholder-aspect-ratio: 571\/428;\" \/><\/p>\n<p style=\"text-align: left;\">Depois de um acolhimento foi muito caloroso, o guia deu a conhecer Antero de Quental, poeta e pensador do s\u00e9culo XIX, \u00a0mestre do soneto e defensor da modernidade.<\/p>\n<p style=\"text-align: center;\"><img decoding=\"async\" class=\"alignnone  wp-image-1431 lazyload\" data-src=\"https:\/\/www.quintadaspalmeiras.pt\/portal1\/wp-content\/uploads\/2025\/01\/22722513_1ov0F-300x225.jpeg\" alt=\"\" width=\"571\" height=\"428\" data-srcset=\"https:\/\/www.quintadaspalmeiras.pt\/portal1\/wp-content\/uploads\/2025\/01\/22722513_1ov0F-300x225.jpeg 300w, https:\/\/www.quintadaspalmeiras.pt\/portal1\/wp-content\/uploads\/2025\/01\/22722513_1ov0F-768x576.jpeg 768w, https:\/\/www.quintadaspalmeiras.pt\/portal1\/wp-content\/uploads\/2025\/01\/22722513_1ov0F.jpeg 960w\" data-sizes=\"(max-width: 571px) 85vw, 571px\" src=\"data:image\/svg+xml;base64,PHN2ZyB3aWR0aD0iMSIgaGVpZ2h0PSIxIiB4bWxucz0iaHR0cDovL3d3dy53My5vcmcvMjAwMC9zdmciPjwvc3ZnPg==\" style=\"--smush-placeholder-width: 571px; --smush-placeholder-aspect-ratio: 571\/428;\" \/><\/p>\n<p>A tarde teve in\u00edcio com uma visita \u00e0 casa de Camilo, em S. Miguel de Seide.<\/p>\n<p style=\"text-align: center;\"><img decoding=\"async\" class=\"alignnone  wp-image-1435 lazyload\" data-src=\"https:\/\/www.quintadaspalmeiras.pt\/portal1\/wp-content\/uploads\/2025\/01\/22722528_mHay1-300x226.jpeg\" alt=\"\" width=\"573\" height=\"432\" data-srcset=\"https:\/\/www.quintadaspalmeiras.pt\/portal1\/wp-content\/uploads\/2025\/01\/22722528_mHay1-300x226.jpeg 300w, https:\/\/www.quintadaspalmeiras.pt\/portal1\/wp-content\/uploads\/2025\/01\/22722528_mHay1-768x578.jpeg 768w, https:\/\/www.quintadaspalmeiras.pt\/portal1\/wp-content\/uploads\/2025\/01\/22722528_mHay1.jpeg 957w\" data-sizes=\"(max-width: 573px) 85vw, 573px\" src=\"data:image\/svg+xml;base64,PHN2ZyB3aWR0aD0iMSIgaGVpZ2h0PSIxIiB4bWxucz0iaHR0cDovL3d3dy53My5vcmcvMjAwMC9zdmciPjwvc3ZnPg==\" style=\"--smush-placeholder-width: 573px; --smush-placeholder-aspect-ratio: 573\/432;\" \/><\/p>\n<p>O grupo foi recebido por dois guias, que, com muita simpatia e entusiasmo, contaram pormenores curiosos da vida e obra de Camilo e, durante a visita \u00e0 casa onde o romancista viveu com Ana Pl\u00e1cido e filhos, desde o inverno de 1863 at\u00e9 a sua morte em 1890, responderam a algumas quest\u00f5es sobre a vida e obra do escritor.<\/p>\n<p>Prometemos voltar no pr\u00f3ximo ano!<\/p>\n","protected":false},"excerpt":{"rendered":"<p>No passado dia 7 de janeiro, 48 alunos que frequentam o 11\u00ba ano, na nossa escola, acompanhados pelos docentes Albertina Leit\u00e3o, Albano Costa, Goreti Martins e Joaquim Nave, participaram numa visita de estudo organizada pela equipa da BE, em colabora\u00e7\u00e3o com o grupo disciplinar de Portugu\u00eas. No per\u00edodo da manh\u00e3, o grupo foi recebido na &hellip; <a href=\"https:\/\/www.quintadaspalmeiras.pt\/portal1\/2025\/01\/09\/visita-a-casa-de-antero-de-quental-e-a-casa-de-camilo-castelo-branco\/\" class=\"more-link\">Continue reading<span class=\"screen-reader-text\"> &#8220;Visita \u00e0 casa de Antero de Quental e \u00e0 casa de Camilo Castelo Branco&#8221;<\/span><\/a><\/p>\n","protected":false},"author":2,"featured_media":1437,"comment_status":"closed","ping_status":"closed","sticky":false,"template":"","format":"standard","meta":{"_angie_page":false,"_crdt_document":"","page_builder":"","footnotes":""},"categories":[1],"tags":[],"class_list":["post-1428","post","type-post","status-publish","format-standard","has-post-thumbnail","hentry","category-sem-categoria"],"_links":{"self":[{"href":"https:\/\/www.quintadaspalmeiras.pt\/portal1\/wp-json\/wp\/v2\/posts\/1428","targetHints":{"allow":["GET"]}}],"collection":[{"href":"https:\/\/www.quintadaspalmeiras.pt\/portal1\/wp-json\/wp\/v2\/posts"}],"about":[{"href":"https:\/\/www.quintadaspalmeiras.pt\/portal1\/wp-json\/wp\/v2\/types\/post"}],"author":[{"embeddable":true,"href":"https:\/\/www.quintadaspalmeiras.pt\/portal1\/wp-json\/wp\/v2\/users\/2"}],"replies":[{"embeddable":true,"href":"https:\/\/www.quintadaspalmeiras.pt\/portal1\/wp-json\/wp\/v2\/comments?post=1428"}],"version-history":[{"count":1,"href":"https:\/\/www.quintadaspalmeiras.pt\/portal1\/wp-json\/wp\/v2\/posts\/1428\/revisions"}],"predecessor-version":[{"id":1439,"href":"https:\/\/www.quintadaspalmeiras.pt\/portal1\/wp-json\/wp\/v2\/posts\/1428\/revisions\/1439"}],"wp:featuredmedia":[{"embeddable":true,"href":"https:\/\/www.quintadaspalmeiras.pt\/portal1\/wp-json\/wp\/v2\/media\/1437"}],"wp:attachment":[{"href":"https:\/\/www.quintadaspalmeiras.pt\/portal1\/wp-json\/wp\/v2\/media?parent=1428"}],"wp:term":[{"taxonomy":"category","embeddable":true,"href":"https:\/\/www.quintadaspalmeiras.pt\/portal1\/wp-json\/wp\/v2\/categories?post=1428"},{"taxonomy":"post_tag","embeddable":true,"href":"https:\/\/www.quintadaspalmeiras.pt\/portal1\/wp-json\/wp\/v2\/tags?post=1428"}],"curies":[{"name":"wp","href":"https:\/\/api.w.org\/{rel}","templated":true}]}}