{"id":1113,"date":"2024-11-28T17:42:45","date_gmt":"2024-11-28T17:42:45","guid":{"rendered":"https:\/\/www.quintadaspalmeiras.pt\/portal1\/?p=1113"},"modified":"2024-11-28T17:59:31","modified_gmt":"2024-11-28T17:59:31","slug":"palavras-com-historia-historias-con-vida","status":"publish","type":"post","link":"https:\/\/www.quintadaspalmeiras.pt\/portal1\/2024\/11\/28\/palavras-com-historia-historias-con-vida\/","title":{"rendered":"Palavras com Hist\u00f3ria \u2013 hist\u00f3rias (Con) Vida"},"content":{"rendered":"<p style=\"font-weight: 400;\">Pelas m\u00e3os do professor e artista, Ant\u00f3nio Amaral nasceu a pintura.<br \/>\nDa sensibilidade, criatividade e esp\u00edrito cr\u00edtico, os alunos do 10\u00ba A produziram aprecia\u00e7\u00f5es cr\u00edticas.<br \/>\nRevelamos algumas delas.<\/p>\n<div id='gallery-1' class='gallery galleryid-1113 gallery-columns-1 gallery-size-large'><figure class='gallery-item'>\n\t\t\t<div class='gallery-icon portrait'>\n\t\t\t\t<img decoding=\"async\" width=\"480\" height=\"640\" data-src=\"https:\/\/www.quintadaspalmeiras.pt\/portal1\/wp-content\/uploads\/2024\/11\/Apreciacao_Critica_Pintura.jpg\" class=\"attachment-large size-large lazyload\" alt=\"\" data-srcset=\"https:\/\/www.quintadaspalmeiras.pt\/portal1\/wp-content\/uploads\/2024\/11\/Apreciacao_Critica_Pintura.jpg 480w, https:\/\/www.quintadaspalmeiras.pt\/portal1\/wp-content\/uploads\/2024\/11\/Apreciacao_Critica_Pintura-225x300.jpg 225w\" data-sizes=\"(max-width: 480px) 85vw, 480px\" src=\"data:image\/svg+xml;base64,PHN2ZyB3aWR0aD0iMSIgaGVpZ2h0PSIxIiB4bWxucz0iaHR0cDovL3d3dy53My5vcmcvMjAwMC9zdmciPjwvc3ZnPg==\" style=\"--smush-placeholder-width: 480px; --smush-placeholder-aspect-ratio: 480\/640;\" \/>\n\t\t\t<\/div><\/figure>\n\t\t<\/div>\n\n<p style=\"text-align: center;\"><a href=\"https:\/\/www.quintadaspalmeiras.pt\/portal1\/wp-content\/uploads\/2024\/11\/1.pdf\" class=\"pdfemb-viewer\" style=\"\" data-width=\"max\" data-height=\"max\" data-toolbar=\"bottom\" data-toolbar-fixed=\"off\">1<\/a><\/p>\n<p style=\"text-align: center;\"><a href=\"https:\/\/www.quintadaspalmeiras.pt\/portal1\/wp-content\/uploads\/2024\/11\/2.pdf\" class=\"pdfemb-viewer\" style=\"\" data-width=\"max\" data-height=\"max\" data-toolbar=\"bottom\" data-toolbar-fixed=\"off\">2<\/a><\/p>\n","protected":false},"excerpt":{"rendered":"<p>Pelas m\u00e3os do professor e artista, Ant\u00f3nio Amaral nasceu a pintura. Da sensibilidade, criatividade e esp\u00edrito cr\u00edtico, os alunos do 10\u00ba A produziram aprecia\u00e7\u00f5es cr\u00edticas. Revelamos algumas delas.<\/p>\n","protected":false},"author":2,"featured_media":1118,"comment_status":"closed","ping_status":"closed","sticky":false,"template":"","format":"standard","meta":{"_angie_page":false,"_crdt_document":"","page_builder":"","footnotes":""},"categories":[1],"tags":[],"class_list":["post-1113","post","type-post","status-publish","format-standard","has-post-thumbnail","hentry","category-sem-categoria"],"_links":{"self":[{"href":"https:\/\/www.quintadaspalmeiras.pt\/portal1\/wp-json\/wp\/v2\/posts\/1113","targetHints":{"allow":["GET"]}}],"collection":[{"href":"https:\/\/www.quintadaspalmeiras.pt\/portal1\/wp-json\/wp\/v2\/posts"}],"about":[{"href":"https:\/\/www.quintadaspalmeiras.pt\/portal1\/wp-json\/wp\/v2\/types\/post"}],"author":[{"embeddable":true,"href":"https:\/\/www.quintadaspalmeiras.pt\/portal1\/wp-json\/wp\/v2\/users\/2"}],"replies":[{"embeddable":true,"href":"https:\/\/www.quintadaspalmeiras.pt\/portal1\/wp-json\/wp\/v2\/comments?post=1113"}],"version-history":[{"count":10,"href":"https:\/\/www.quintadaspalmeiras.pt\/portal1\/wp-json\/wp\/v2\/posts\/1113\/revisions"}],"predecessor-version":[{"id":1136,"href":"https:\/\/www.quintadaspalmeiras.pt\/portal1\/wp-json\/wp\/v2\/posts\/1113\/revisions\/1136"}],"wp:featuredmedia":[{"embeddable":true,"href":"https:\/\/www.quintadaspalmeiras.pt\/portal1\/wp-json\/wp\/v2\/media\/1118"}],"wp:attachment":[{"href":"https:\/\/www.quintadaspalmeiras.pt\/portal1\/wp-json\/wp\/v2\/media?parent=1113"}],"wp:term":[{"taxonomy":"category","embeddable":true,"href":"https:\/\/www.quintadaspalmeiras.pt\/portal1\/wp-json\/wp\/v2\/categories?post=1113"},{"taxonomy":"post_tag","embeddable":true,"href":"https:\/\/www.quintadaspalmeiras.pt\/portal1\/wp-json\/wp\/v2\/tags?post=1113"}],"curies":[{"name":"wp","href":"https:\/\/api.w.org\/{rel}","templated":true}]}}