{"id":1060,"date":"2024-11-25T21:31:19","date_gmt":"2024-11-25T21:31:19","guid":{"rendered":"https:\/\/www.quintadaspalmeiras.pt\/portal1\/?p=1060"},"modified":"2024-11-25T21:31:19","modified_gmt":"2024-11-25T21:31:19","slug":"palavras-com-historia","status":"publish","type":"post","link":"https:\/\/www.quintadaspalmeiras.pt\/portal1\/2024\/11\/25\/palavras-com-historia\/","title":{"rendered":"Palavras com Hist\u00f3ria"},"content":{"rendered":"<p style=\"font-weight: 400;\">\u201cPalavras com Hist\u00f3ria\u201d- hist\u00f3rias (Con) Vida levou \u00e0 sala de aula, o professor e artista Ant\u00f3nio\u00a0 Amaral. Foi desafiado a reproduzir, em desenho, um conto colaborativo. Os alunos do 10\u00ba A apreciaram a obra, tendo eles pr\u00f3prios sido desafiados a produzir uma aprecia\u00e7\u00e3o cr\u00edtica sobre a aguarela. A atividade n\u00e3o s\u00f3 promove o esp\u00edrito cr\u00edtico dos alunos, mas tamb\u00e9m lhes incute a sensibilidade para as artes, como a pintura. Foi um momento em que a escrita se uniu \u00e0 arte.<\/p>\n<div id='gallery-1' class='gallery galleryid-1060 gallery-columns-1 gallery-size-large'><figure class='gallery-item'>\n\t\t\t<div class='gallery-icon landscape'>\n\t\t\t\t<img decoding=\"async\" width=\"1024\" height=\"768\" data-src=\"https:\/\/www.quintadaspalmeiras.pt\/portal1\/wp-content\/uploads\/2024\/11\/IMG-20241121-WA0008-1024x768.jpg\" class=\"attachment-large size-large lazyload\" alt=\"\" data-srcset=\"https:\/\/www.quintadaspalmeiras.pt\/portal1\/wp-content\/uploads\/2024\/11\/IMG-20241121-WA0008-1024x768.jpg 1024w, https:\/\/www.quintadaspalmeiras.pt\/portal1\/wp-content\/uploads\/2024\/11\/IMG-20241121-WA0008-300x225.jpg 300w, https:\/\/www.quintadaspalmeiras.pt\/portal1\/wp-content\/uploads\/2024\/11\/IMG-20241121-WA0008-768x576.jpg 768w, https:\/\/www.quintadaspalmeiras.pt\/portal1\/wp-content\/uploads\/2024\/11\/IMG-20241121-WA0008-1536x1152.jpg 1536w, https:\/\/www.quintadaspalmeiras.pt\/portal1\/wp-content\/uploads\/2024\/11\/IMG-20241121-WA0008-1200x900.jpg 1200w, https:\/\/www.quintadaspalmeiras.pt\/portal1\/wp-content\/uploads\/2024\/11\/IMG-20241121-WA0008.jpg 1600w\" data-sizes=\"(max-width: 709px) 85vw, (max-width: 909px) 67vw, (max-width: 1362px) 62vw, 840px\" src=\"data:image\/svg+xml;base64,PHN2ZyB3aWR0aD0iMSIgaGVpZ2h0PSIxIiB4bWxucz0iaHR0cDovL3d3dy53My5vcmcvMjAwMC9zdmciPjwvc3ZnPg==\" style=\"--smush-placeholder-width: 1024px; --smush-placeholder-aspect-ratio: 1024\/768;\" \/>\n\t\t\t<\/div><\/figure><figure class='gallery-item'>\n\t\t\t<div class='gallery-icon landscape'>\n\t\t\t\t<img decoding=\"async\" width=\"1024\" height=\"768\" data-src=\"https:\/\/www.quintadaspalmeiras.pt\/portal1\/wp-content\/uploads\/2024\/11\/IMG-20241121-WA0009-1024x768.jpg\" class=\"attachment-large size-large lazyload\" alt=\"\" data-srcset=\"https:\/\/www.quintadaspalmeiras.pt\/portal1\/wp-content\/uploads\/2024\/11\/IMG-20241121-WA0009-1024x768.jpg 1024w, https:\/\/www.quintadaspalmeiras.pt\/portal1\/wp-content\/uploads\/2024\/11\/IMG-20241121-WA0009-300x225.jpg 300w, https:\/\/www.quintadaspalmeiras.pt\/portal1\/wp-content\/uploads\/2024\/11\/IMG-20241121-WA0009-768x576.jpg 768w, https:\/\/www.quintadaspalmeiras.pt\/portal1\/wp-content\/uploads\/2024\/11\/IMG-20241121-WA0009-1536x1152.jpg 1536w, https:\/\/www.quintadaspalmeiras.pt\/portal1\/wp-content\/uploads\/2024\/11\/IMG-20241121-WA0009-1200x900.jpg 1200w, https:\/\/www.quintadaspalmeiras.pt\/portal1\/wp-content\/uploads\/2024\/11\/IMG-20241121-WA0009.jpg 1600w\" data-sizes=\"(max-width: 709px) 85vw, (max-width: 909px) 67vw, (max-width: 1362px) 62vw, 840px\" src=\"data:image\/svg+xml;base64,PHN2ZyB3aWR0aD0iMSIgaGVpZ2h0PSIxIiB4bWxucz0iaHR0cDovL3d3dy53My5vcmcvMjAwMC9zdmciPjwvc3ZnPg==\" style=\"--smush-placeholder-width: 1024px; --smush-placeholder-aspect-ratio: 1024\/768;\" \/>\n\t\t\t<\/div><\/figure><figure class='gallery-item'>\n\t\t\t<div class='gallery-icon landscape'>\n\t\t\t\t<img decoding=\"async\" width=\"1024\" height=\"768\" data-src=\"https:\/\/www.quintadaspalmeiras.pt\/portal1\/wp-content\/uploads\/2024\/11\/IMG-20241121-WA0010-1024x768.jpg\" class=\"attachment-large size-large lazyload\" alt=\"\" data-srcset=\"https:\/\/www.quintadaspalmeiras.pt\/portal1\/wp-content\/uploads\/2024\/11\/IMG-20241121-WA0010-1024x768.jpg 1024w, https:\/\/www.quintadaspalmeiras.pt\/portal1\/wp-content\/uploads\/2024\/11\/IMG-20241121-WA0010-300x225.jpg 300w, https:\/\/www.quintadaspalmeiras.pt\/portal1\/wp-content\/uploads\/2024\/11\/IMG-20241121-WA0010-768x576.jpg 768w, https:\/\/www.quintadaspalmeiras.pt\/portal1\/wp-content\/uploads\/2024\/11\/IMG-20241121-WA0010-1536x1152.jpg 1536w, https:\/\/www.quintadaspalmeiras.pt\/portal1\/wp-content\/uploads\/2024\/11\/IMG-20241121-WA0010-1200x900.jpg 1200w, https:\/\/www.quintadaspalmeiras.pt\/portal1\/wp-content\/uploads\/2024\/11\/IMG-20241121-WA0010.jpg 1600w\" data-sizes=\"(max-width: 709px) 85vw, (max-width: 909px) 67vw, (max-width: 1362px) 62vw, 840px\" src=\"data:image\/svg+xml;base64,PHN2ZyB3aWR0aD0iMSIgaGVpZ2h0PSIxIiB4bWxucz0iaHR0cDovL3d3dy53My5vcmcvMjAwMC9zdmciPjwvc3ZnPg==\" style=\"--smush-placeholder-width: 1024px; --smush-placeholder-aspect-ratio: 1024\/768;\" \/>\n\t\t\t<\/div><\/figure>\n\t\t<\/div>\n\n<p>&nbsp;<\/p>\n","protected":false},"excerpt":{"rendered":"<p>\u201cPalavras com Hist\u00f3ria\u201d- hist\u00f3rias (Con) Vida levou \u00e0 sala de aula, o professor e artista Ant\u00f3nio\u00a0 Amaral. Foi desafiado a reproduzir, em desenho, um conto colaborativo. Os alunos do 10\u00ba A apreciaram a obra, tendo eles pr\u00f3prios sido desafiados a produzir uma aprecia\u00e7\u00e3o cr\u00edtica sobre a aguarela. A atividade n\u00e3o s\u00f3 promove o esp\u00edrito cr\u00edtico &hellip; <a href=\"https:\/\/www.quintadaspalmeiras.pt\/portal1\/2024\/11\/25\/palavras-com-historia\/\" class=\"more-link\">Continue reading<span class=\"screen-reader-text\"> &#8220;Palavras com Hist\u00f3ria&#8221;<\/span><\/a><\/p>\n","protected":false},"author":2,"featured_media":1066,"comment_status":"closed","ping_status":"closed","sticky":false,"template":"","format":"gallery","meta":{"_angie_page":false,"_crdt_document":"","page_builder":"","footnotes":""},"categories":[1],"tags":[],"class_list":["post-1060","post","type-post","status-publish","format-gallery","has-post-thumbnail","hentry","category-sem-categoria","post_format-post-format-gallery"],"_links":{"self":[{"href":"https:\/\/www.quintadaspalmeiras.pt\/portal1\/wp-json\/wp\/v2\/posts\/1060","targetHints":{"allow":["GET"]}}],"collection":[{"href":"https:\/\/www.quintadaspalmeiras.pt\/portal1\/wp-json\/wp\/v2\/posts"}],"about":[{"href":"https:\/\/www.quintadaspalmeiras.pt\/portal1\/wp-json\/wp\/v2\/types\/post"}],"author":[{"embeddable":true,"href":"https:\/\/www.quintadaspalmeiras.pt\/portal1\/wp-json\/wp\/v2\/users\/2"}],"replies":[{"embeddable":true,"href":"https:\/\/www.quintadaspalmeiras.pt\/portal1\/wp-json\/wp\/v2\/comments?post=1060"}],"version-history":[{"count":1,"href":"https:\/\/www.quintadaspalmeiras.pt\/portal1\/wp-json\/wp\/v2\/posts\/1060\/revisions"}],"predecessor-version":[{"id":1069,"href":"https:\/\/www.quintadaspalmeiras.pt\/portal1\/wp-json\/wp\/v2\/posts\/1060\/revisions\/1069"}],"wp:featuredmedia":[{"embeddable":true,"href":"https:\/\/www.quintadaspalmeiras.pt\/portal1\/wp-json\/wp\/v2\/media\/1066"}],"wp:attachment":[{"href":"https:\/\/www.quintadaspalmeiras.pt\/portal1\/wp-json\/wp\/v2\/media?parent=1060"}],"wp:term":[{"taxonomy":"category","embeddable":true,"href":"https:\/\/www.quintadaspalmeiras.pt\/portal1\/wp-json\/wp\/v2\/categories?post=1060"},{"taxonomy":"post_tag","embeddable":true,"href":"https:\/\/www.quintadaspalmeiras.pt\/portal1\/wp-json\/wp\/v2\/tags?post=1060"}],"curies":[{"name":"wp","href":"https:\/\/api.w.org\/{rel}","templated":true}]}}