{"id":1638,"date":"2024-02-27T11:01:41","date_gmt":"2024-02-27T11:01:41","guid":{"rendered":"https:\/\/www.quintadaspalmeiras.pt\/palmeirasimpress\/?p=1638"},"modified":"2024-02-27T11:02:07","modified_gmt":"2024-02-27T11:02:07","slug":"a-conversa-com-miguel-pacheco","status":"publish","type":"post","link":"https:\/\/www.quintadaspalmeiras.pt\/palmeirasimpress\/2024\/02\/27\/a-conversa-com-miguel-pacheco\/","title":{"rendered":"\u00c0 conversa com Miguel Pacheco&#8230;"},"content":{"rendered":"\n<p><strong>Sobre o Funcionamento da Democracia Portuguesa e\u00a0sobre Mecanismos de Participa\u00e7\u00e3o C\u00edvica.<\/strong><\/p>\n\n\n\n<p><strong>Miguel Pacheco<\/strong>, estudante da licenciatura em Ci\u00eancia Pol\u00edtica e Rela\u00e7\u00f5es Internacionais na Universidade da Beira Interior e membro do projeto &#8220;Os 230&#8221;,&nbsp; estar\u00e1 \u00e0 conversa com os alunos de 12\u00ba ano da ESQP, na pr\u00f3xima 4\u00aa feira dia 28 de fevereiro e na 6\u00aa feira dia 8 de mar\u00e7o, no audit\u00f3rio do CTE.<\/p>\n\n\n\n<p>Esta iniciativa resulta de uma parceria do&nbsp;<strong>Projeto &#8220;OS 230&#8221;&nbsp;<\/strong>(um projeto de responsabilidade c\u00edvica independente, apartid\u00e1rio e sem fins lucrativos, que tem como objeto o desenvolvimento da literacia pol\u00edtica e a promo\u00e7\u00e3o interven\u00e7\u00e3o c\u00edvica dos jovens na vida pol\u00edtica portuguesa), do&nbsp;<strong>Projeto &#8220;Pol\u00edtica para futuros cidad\u00e3os&#8221;&nbsp;<\/strong>(um projeto de alunos para alunos da ESQP, que t\u00eam como objetivos a promo\u00e7\u00e3o de compet\u00eancias de cidadania e participa\u00e7\u00e3o pol\u00edtica nos jovens) e da&nbsp;<strong>Cidadania e Desenvolvimento<\/strong>.<\/p>\n\n\n\n<p>Nestes dois momentos, Miguel Pacheco conversar\u00e1 com os alunos sobre&nbsp;o Funcionamento da Democracia Portuguesa e&nbsp;sobre Mecanismos de Participa\u00e7\u00e3o C\u00edvica, desafiando-os a perceber a import\u00e2ncia de uma participa\u00e7\u00e3o ativa para o fortalecimento da Democracia.<\/p>\n","protected":false},"excerpt":{"rendered":"<p>Sobre o Funcionamento da Democracia Portuguesa e\u00a0sobre Mecanismos de Participa\u00e7\u00e3o C\u00edvica. Miguel Pacheco, estudante da licenciatura em Ci\u00eancia Pol\u00edtica e Rela\u00e7\u00f5es Internacionais na Universidade da Beira Interior e membro do projeto &#8220;Os 230&#8221;,&nbsp; estar\u00e1 \u00e0 conversa com os alunos de 12\u00ba ano da ESQP, na pr\u00f3xima 4\u00aa feira dia 28 de fevereiro e na 6\u00aa [&hellip;]<\/p>\n","protected":false},"author":1,"featured_media":1639,"comment_status":"closed","ping_status":"closed","sticky":false,"template":"","format":"standard","meta":{"_exactmetrics_skip_tracking":false,"_exactmetrics_sitenote_active":false,"_exactmetrics_sitenote_note":"","_exactmetrics_sitenote_category":0,"_ti_tpc_template_sync":false,"_ti_tpc_template_id":"","footnotes":""},"categories":[6],"tags":[],"class_list":["post-1638","post","type-post","status-publish","format-standard","has-post-thumbnail","hentry","category-cidadania"],"yoast_head":"<!-- This site is optimized with the Yoast SEO plugin v22.5 - https:\/\/yoast.com\/wordpress\/plugins\/seo\/ -->\n<title>\u00c0 conversa com Miguel Pacheco... - Palmeiras Impress Digital<\/title>\n<meta name=\"robots\" content=\"index, follow, max-snippet:-1, max-image-preview:large, max-video-preview:-1\" \/>\n<link rel=\"canonical\" href=\"https:\/\/www.quintadaspalmeiras.pt\/palmeirasimpress\/2024\/02\/27\/a-conversa-com-miguel-pacheco\/\" \/>\n<meta property=\"og:locale\" content=\"pt_PT\" \/>\n<meta property=\"og:type\" content=\"article\" \/>\n<meta property=\"og:title\" content=\"\u00c0 conversa com Miguel Pacheco... - Palmeiras Impress Digital\" \/>\n<meta property=\"og:description\" content=\"Sobre o Funcionamento da Democracia Portuguesa e\u00a0sobre Mecanismos de Participa\u00e7\u00e3o C\u00edvica. Miguel Pacheco, estudante da licenciatura em Ci\u00eancia Pol\u00edtica e Rela\u00e7\u00f5es Internacionais na Universidade da Beira Interior e membro do projeto &#8220;Os 230&#8221;,&nbsp; estar\u00e1 \u00e0 conversa com os alunos de 12\u00ba ano da ESQP, na pr\u00f3xima 4\u00aa feira dia 28 de fevereiro e na 6\u00aa [&hellip;]\" \/>\n<meta property=\"og:url\" content=\"https:\/\/www.quintadaspalmeiras.pt\/palmeirasimpress\/2024\/02\/27\/a-conversa-com-miguel-pacheco\/\" \/>\n<meta property=\"og:site_name\" content=\"Palmeiras Impress Digital\" \/>\n<meta property=\"article:publisher\" content=\"https:\/\/www.facebook.com\/quintadaspalmeirascovilha\/\" \/>\n<meta property=\"article:published_time\" content=\"2024-02-27T11:01:41+00:00\" \/>\n<meta property=\"article:modified_time\" content=\"2024-02-27T11:02:07+00:00\" \/>\n<meta property=\"og:image\" content=\"https:\/\/www.quintadaspalmeiras.pt\/palmeirasimpress\/wp-content\/uploads\/2024\/02\/PHOTO-2024-02-25-19-13-05.jpg\" \/>\n\t<meta property=\"og:image:width\" content=\"804\" \/>\n\t<meta property=\"og:image:height\" content=\"580\" \/>\n\t<meta property=\"og:image:type\" content=\"image\/jpeg\" \/>\n<meta name=\"author\" content=\"admin\" \/>\n<meta name=\"twitter:card\" content=\"summary_large_image\" \/>\n<meta name=\"twitter:creator\" content=\"@cteducacao\" \/>\n<meta name=\"twitter:site\" content=\"@cteducacao\" \/>\n<meta name=\"twitter:label1\" content=\"Escrito por\" \/>\n\t<meta name=\"twitter:data1\" content=\"admin\" \/>\n\t<meta name=\"twitter:label2\" content=\"Tempo estimado de leitura\" \/>\n\t<meta name=\"twitter:data2\" content=\"2 minutos\" \/>\n<script type=\"application\/ld+json\" class=\"yoast-schema-graph\">{\"@context\":\"https:\/\/schema.org\",\"@graph\":[{\"@type\":\"WebPage\",\"@id\":\"https:\/\/www.quintadaspalmeiras.pt\/palmeirasimpress\/2024\/02\/27\/a-conversa-com-miguel-pacheco\/\",\"url\":\"https:\/\/www.quintadaspalmeiras.pt\/palmeirasimpress\/2024\/02\/27\/a-conversa-com-miguel-pacheco\/\",\"name\":\"\u00c0 conversa com Miguel Pacheco... - Palmeiras Impress Digital\",\"isPartOf\":{\"@id\":\"https:\/\/www.quintadaspalmeiras.pt\/palmeirasimpress\/#website\"},\"primaryImageOfPage\":{\"@id\":\"https:\/\/www.quintadaspalmeiras.pt\/palmeirasimpress\/2024\/02\/27\/a-conversa-com-miguel-pacheco\/#primaryimage\"},\"image\":{\"@id\":\"https:\/\/www.quintadaspalmeiras.pt\/palmeirasimpress\/2024\/02\/27\/a-conversa-com-miguel-pacheco\/#primaryimage\"},\"thumbnailUrl\":\"https:\/\/www.quintadaspalmeiras.pt\/palmeirasimpress\/wp-content\/uploads\/2024\/02\/PHOTO-2024-02-25-19-13-05.jpg\",\"datePublished\":\"2024-02-27T11:01:41+00:00\",\"dateModified\":\"2024-02-27T11:02:07+00:00\",\"author\":{\"@id\":\"https:\/\/www.quintadaspalmeiras.pt\/palmeirasimpress\/#\/schema\/person\/abf4ac121b9f443543e35c1a9ad17080\"},\"breadcrumb\":{\"@id\":\"https:\/\/www.quintadaspalmeiras.pt\/palmeirasimpress\/2024\/02\/27\/a-conversa-com-miguel-pacheco\/#breadcrumb\"},\"inLanguage\":\"pt-PT\",\"potentialAction\":[{\"@type\":\"ReadAction\",\"target\":[\"https:\/\/www.quintadaspalmeiras.pt\/palmeirasimpress\/2024\/02\/27\/a-conversa-com-miguel-pacheco\/\"]}]},{\"@type\":\"ImageObject\",\"inLanguage\":\"pt-PT\",\"@id\":\"https:\/\/www.quintadaspalmeiras.pt\/palmeirasimpress\/2024\/02\/27\/a-conversa-com-miguel-pacheco\/#primaryimage\",\"url\":\"https:\/\/www.quintadaspalmeiras.pt\/palmeirasimpress\/wp-content\/uploads\/2024\/02\/PHOTO-2024-02-25-19-13-05.jpg\",\"contentUrl\":\"https:\/\/www.quintadaspalmeiras.pt\/palmeirasimpress\/wp-content\/uploads\/2024\/02\/PHOTO-2024-02-25-19-13-05.jpg\",\"width\":804,\"height\":580},{\"@type\":\"BreadcrumbList\",\"@id\":\"https:\/\/www.quintadaspalmeiras.pt\/palmeirasimpress\/2024\/02\/27\/a-conversa-com-miguel-pacheco\/#breadcrumb\",\"itemListElement\":[{\"@type\":\"ListItem\",\"position\":1,\"name\":\"In\u00edcio\",\"item\":\"https:\/\/www.quintadaspalmeiras.pt\/palmeirasimpress\/\"},{\"@type\":\"ListItem\",\"position\":2,\"name\":\"\u00c0 conversa com Miguel Pacheco&#8230;\"}]},{\"@type\":\"WebSite\",\"@id\":\"https:\/\/www.quintadaspalmeiras.pt\/palmeirasimpress\/#website\",\"url\":\"https:\/\/www.quintadaspalmeiras.pt\/palmeirasimpress\/\",\"name\":\"Palmeiras Impress Digital\",\"description\":\"Jornal Digital da Escola Quinta das Palmeiras - Covilh\u00e3\",\"potentialAction\":[{\"@type\":\"SearchAction\",\"target\":{\"@type\":\"EntryPoint\",\"urlTemplate\":\"https:\/\/www.quintadaspalmeiras.pt\/palmeirasimpress\/?s={search_term_string}\"},\"query-input\":\"required name=search_term_string\"}],\"inLanguage\":\"pt-PT\"},{\"@type\":\"Person\",\"@id\":\"https:\/\/www.quintadaspalmeiras.pt\/palmeirasimpress\/#\/schema\/person\/abf4ac121b9f443543e35c1a9ad17080\",\"name\":\"admin\",\"image\":{\"@type\":\"ImageObject\",\"inLanguage\":\"pt-PT\",\"@id\":\"https:\/\/www.quintadaspalmeiras.pt\/palmeirasimpress\/#\/schema\/person\/image\/\",\"url\":\"https:\/\/secure.gravatar.com\/avatar\/85bcc278f3e3f41350d1934ecf39461d1f0d21c43fb6c07e4e9c3aed36f8dc47?s=96&d=mm&r=g\",\"contentUrl\":\"https:\/\/secure.gravatar.com\/avatar\/85bcc278f3e3f41350d1934ecf39461d1f0d21c43fb6c07e4e9c3aed36f8dc47?s=96&d=mm&r=g\",\"caption\":\"admin\"},\"url\":\"https:\/\/www.quintadaspalmeiras.pt\/palmeirasimpress\/author\/admin\/\"}]}<\/script>\n<!-- \/ Yoast SEO plugin. -->","yoast_head_json":{"title":"\u00c0 conversa com Miguel Pacheco... - Palmeiras Impress Digital","robots":{"index":"index","follow":"follow","max-snippet":"max-snippet:-1","max-image-preview":"max-image-preview:large","max-video-preview":"max-video-preview:-1"},"canonical":"https:\/\/www.quintadaspalmeiras.pt\/palmeirasimpress\/2024\/02\/27\/a-conversa-com-miguel-pacheco\/","og_locale":"pt_PT","og_type":"article","og_title":"\u00c0 conversa com Miguel Pacheco... - Palmeiras Impress Digital","og_description":"Sobre o Funcionamento da Democracia Portuguesa e\u00a0sobre Mecanismos de Participa\u00e7\u00e3o C\u00edvica. Miguel Pacheco, estudante da licenciatura em Ci\u00eancia Pol\u00edtica e Rela\u00e7\u00f5es Internacionais na Universidade da Beira Interior e membro do projeto &#8220;Os 230&#8221;,&nbsp; estar\u00e1 \u00e0 conversa com os alunos de 12\u00ba ano da ESQP, na pr\u00f3xima 4\u00aa feira dia 28 de fevereiro e na 6\u00aa [&hellip;]","og_url":"https:\/\/www.quintadaspalmeiras.pt\/palmeirasimpress\/2024\/02\/27\/a-conversa-com-miguel-pacheco\/","og_site_name":"Palmeiras Impress Digital","article_publisher":"https:\/\/www.facebook.com\/quintadaspalmeirascovilha\/","article_published_time":"2024-02-27T11:01:41+00:00","article_modified_time":"2024-02-27T11:02:07+00:00","og_image":[{"width":804,"height":580,"url":"https:\/\/www.quintadaspalmeiras.pt\/palmeirasimpress\/wp-content\/uploads\/2024\/02\/PHOTO-2024-02-25-19-13-05.jpg","type":"image\/jpeg"}],"author":"admin","twitter_card":"summary_large_image","twitter_creator":"@cteducacao","twitter_site":"@cteducacao","twitter_misc":{"Escrito por":"admin","Tempo estimado de leitura":"2 minutos"},"schema":{"@context":"https:\/\/schema.org","@graph":[{"@type":"WebPage","@id":"https:\/\/www.quintadaspalmeiras.pt\/palmeirasimpress\/2024\/02\/27\/a-conversa-com-miguel-pacheco\/","url":"https:\/\/www.quintadaspalmeiras.pt\/palmeirasimpress\/2024\/02\/27\/a-conversa-com-miguel-pacheco\/","name":"\u00c0 conversa com Miguel Pacheco... - Palmeiras Impress Digital","isPartOf":{"@id":"https:\/\/www.quintadaspalmeiras.pt\/palmeirasimpress\/#website"},"primaryImageOfPage":{"@id":"https:\/\/www.quintadaspalmeiras.pt\/palmeirasimpress\/2024\/02\/27\/a-conversa-com-miguel-pacheco\/#primaryimage"},"image":{"@id":"https:\/\/www.quintadaspalmeiras.pt\/palmeirasimpress\/2024\/02\/27\/a-conversa-com-miguel-pacheco\/#primaryimage"},"thumbnailUrl":"https:\/\/www.quintadaspalmeiras.pt\/palmeirasimpress\/wp-content\/uploads\/2024\/02\/PHOTO-2024-02-25-19-13-05.jpg","datePublished":"2024-02-27T11:01:41+00:00","dateModified":"2024-02-27T11:02:07+00:00","author":{"@id":"https:\/\/www.quintadaspalmeiras.pt\/palmeirasimpress\/#\/schema\/person\/abf4ac121b9f443543e35c1a9ad17080"},"breadcrumb":{"@id":"https:\/\/www.quintadaspalmeiras.pt\/palmeirasimpress\/2024\/02\/27\/a-conversa-com-miguel-pacheco\/#breadcrumb"},"inLanguage":"pt-PT","potentialAction":[{"@type":"ReadAction","target":["https:\/\/www.quintadaspalmeiras.pt\/palmeirasimpress\/2024\/02\/27\/a-conversa-com-miguel-pacheco\/"]}]},{"@type":"ImageObject","inLanguage":"pt-PT","@id":"https:\/\/www.quintadaspalmeiras.pt\/palmeirasimpress\/2024\/02\/27\/a-conversa-com-miguel-pacheco\/#primaryimage","url":"https:\/\/www.quintadaspalmeiras.pt\/palmeirasimpress\/wp-content\/uploads\/2024\/02\/PHOTO-2024-02-25-19-13-05.jpg","contentUrl":"https:\/\/www.quintadaspalmeiras.pt\/palmeirasimpress\/wp-content\/uploads\/2024\/02\/PHOTO-2024-02-25-19-13-05.jpg","width":804,"height":580},{"@type":"BreadcrumbList","@id":"https:\/\/www.quintadaspalmeiras.pt\/palmeirasimpress\/2024\/02\/27\/a-conversa-com-miguel-pacheco\/#breadcrumb","itemListElement":[{"@type":"ListItem","position":1,"name":"In\u00edcio","item":"https:\/\/www.quintadaspalmeiras.pt\/palmeirasimpress\/"},{"@type":"ListItem","position":2,"name":"\u00c0 conversa com Miguel Pacheco&#8230;"}]},{"@type":"WebSite","@id":"https:\/\/www.quintadaspalmeiras.pt\/palmeirasimpress\/#website","url":"https:\/\/www.quintadaspalmeiras.pt\/palmeirasimpress\/","name":"Palmeiras Impress Digital","description":"Jornal Digital da Escola Quinta das Palmeiras - Covilh\u00e3","potentialAction":[{"@type":"SearchAction","target":{"@type":"EntryPoint","urlTemplate":"https:\/\/www.quintadaspalmeiras.pt\/palmeirasimpress\/?s={search_term_string}"},"query-input":"required name=search_term_string"}],"inLanguage":"pt-PT"},{"@type":"Person","@id":"https:\/\/www.quintadaspalmeiras.pt\/palmeirasimpress\/#\/schema\/person\/abf4ac121b9f443543e35c1a9ad17080","name":"admin","image":{"@type":"ImageObject","inLanguage":"pt-PT","@id":"https:\/\/www.quintadaspalmeiras.pt\/palmeirasimpress\/#\/schema\/person\/image\/","url":"https:\/\/secure.gravatar.com\/avatar\/85bcc278f3e3f41350d1934ecf39461d1f0d21c43fb6c07e4e9c3aed36f8dc47?s=96&d=mm&r=g","contentUrl":"https:\/\/secure.gravatar.com\/avatar\/85bcc278f3e3f41350d1934ecf39461d1f0d21c43fb6c07e4e9c3aed36f8dc47?s=96&d=mm&r=g","caption":"admin"},"url":"https:\/\/www.quintadaspalmeiras.pt\/palmeirasimpress\/author\/admin\/"}]}},"_links":{"self":[{"href":"https:\/\/www.quintadaspalmeiras.pt\/palmeirasimpress\/wp-json\/wp\/v2\/posts\/1638","targetHints":{"allow":["GET"]}}],"collection":[{"href":"https:\/\/www.quintadaspalmeiras.pt\/palmeirasimpress\/wp-json\/wp\/v2\/posts"}],"about":[{"href":"https:\/\/www.quintadaspalmeiras.pt\/palmeirasimpress\/wp-json\/wp\/v2\/types\/post"}],"author":[{"embeddable":true,"href":"https:\/\/www.quintadaspalmeiras.pt\/palmeirasimpress\/wp-json\/wp\/v2\/users\/1"}],"replies":[{"embeddable":true,"href":"https:\/\/www.quintadaspalmeiras.pt\/palmeirasimpress\/wp-json\/wp\/v2\/comments?post=1638"}],"version-history":[{"count":2,"href":"https:\/\/www.quintadaspalmeiras.pt\/palmeirasimpress\/wp-json\/wp\/v2\/posts\/1638\/revisions"}],"predecessor-version":[{"id":1642,"href":"https:\/\/www.quintadaspalmeiras.pt\/palmeirasimpress\/wp-json\/wp\/v2\/posts\/1638\/revisions\/1642"}],"wp:featuredmedia":[{"embeddable":true,"href":"https:\/\/www.quintadaspalmeiras.pt\/palmeirasimpress\/wp-json\/wp\/v2\/media\/1639"}],"wp:attachment":[{"href":"https:\/\/www.quintadaspalmeiras.pt\/palmeirasimpress\/wp-json\/wp\/v2\/media?parent=1638"}],"wp:term":[{"taxonomy":"category","embeddable":true,"href":"https:\/\/www.quintadaspalmeiras.pt\/palmeirasimpress\/wp-json\/wp\/v2\/categories?post=1638"},{"taxonomy":"post_tag","embeddable":true,"href":"https:\/\/www.quintadaspalmeiras.pt\/palmeirasimpress\/wp-json\/wp\/v2\/tags?post=1638"}],"curies":[{"name":"wp","href":"https:\/\/api.w.org\/{rel}","templated":true}]}}