{"id":1315,"date":"2021-06-15T11:25:23","date_gmt":"2021-06-15T11:25:23","guid":{"rendered":"https:\/\/www.quintadaspalmeiras.pt\/palmeirasimpress\/?p=1315"},"modified":"2021-06-15T11:35:57","modified_gmt":"2021-06-15T11:35:57","slug":"global-teacher-prize-portugal","status":"publish","type":"post","link":"https:\/\/www.quintadaspalmeiras.pt\/palmeirasimpress\/2021\/06\/15\/global-teacher-prize-portugal\/","title":{"rendered":"Global Teacher Prize Portugal"},"content":{"rendered":"\n<p> C\u00e9lia Prata, professora da Escola Secund\u00e1ria Quinta das Palmeiras, integra a lista dos 10 finalistas do <a href=\"https:\/\/www.facebook.com\/Global-Teacher-Prize-Portugal-1167304456738711\/?__cft__[0]=AZWp6T_er9P10ybGRfgMcCUWxQk3eCSdoHgFx0jmWq0EfhTUHknF8UYk7rdeAZjowsRTkZlmsSMXNUg5Fx0W6tQghbXhS3qsSp1rb4DVs3QloPuVJGa5f5ZEtFNBYixGfMrxxGI7xyk7CDplSVWgF-nM49cowg9hiB0fPv30TSxyMA&amp;__tn__=kK-y-R\">Global Teacher Prize Portugal<\/a>. Este pr\u00e9mio pretende reconhecer a import\u00e2ncia da profiss\u00e3o docente, promover a excel\u00eancia no ensino, encontrar exemplos a seguir na educa\u00e7\u00e3o em Portugal e identificar candidatos ao pr\u00e9mio internacional que possam inspirar a educa\u00e7\u00e3o a n\u00edvel mundial.<\/p>\n\n\n\n<figure class=\"wp-block-image size-large\"><img fetchpriority=\"high\" decoding=\"async\" width=\"960\" height=\"540\" src=\"https:\/\/www.quintadaspalmeiras.pt\/palmeirasimpress\/wp-content\/uploads\/2021\/06\/200708524_4429374850408715_4715137691311214360_n.jpg\" alt=\"\" class=\"wp-image-1318\" srcset=\"https:\/\/www.quintadaspalmeiras.pt\/palmeirasimpress\/wp-content\/uploads\/2021\/06\/200708524_4429374850408715_4715137691311214360_n.jpg 960w, https:\/\/www.quintadaspalmeiras.pt\/palmeirasimpress\/wp-content\/uploads\/2021\/06\/200708524_4429374850408715_4715137691311214360_n-300x169.jpg 300w, https:\/\/www.quintadaspalmeiras.pt\/palmeirasimpress\/wp-content\/uploads\/2021\/06\/200708524_4429374850408715_4715137691311214360_n-768x432.jpg 768w\" sizes=\"(max-width: 960px) 100vw, 960px\" \/><\/figure>\n\n\n\n<p><a href=\"https:\/\/www.facebook.com\/quintadaspalmeirascovilha\/photos\/pcb.4429374893742044\/4429374843742049\/?__cft__[0]=AZVGrK_oBw30bTauhW6V8cWlDRVlMgDIYMTY7DzlBX8fgsj6eZ-ScuMBSObEYOhLWB4WnHJq_IMz8l--kf0a3TJ_2cEg7kYuViSAxRSDx82MvFL-zvHVXzeeqHyB1plYO3gDVVzZs4D0pmkd5p_Nig7F&amp;__tn__=*bH-R\"><\/a>C\u00e9lia Prata, finalista do Global Teacher Prize Portugal homenageada no Sal\u00e3o Nobre da CMC. Pelos Professores, Pela Escola e Cidade da Covilh\u00e3.<\/p>\n","protected":false},"excerpt":{"rendered":"<p>C\u00e9lia Prata, professora da Escola Secund\u00e1ria Quinta das Palmeiras, integra a lista dos 10 finalistas do Global Teacher Prize Portugal. Este pr\u00e9mio pretende reconhecer a import\u00e2ncia da profiss\u00e3o docente, promover a excel\u00eancia no ensino, encontrar exemplos a seguir na educa\u00e7\u00e3o em Portugal e identificar candidatos ao pr\u00e9mio internacional que possam inspirar a educa\u00e7\u00e3o a n\u00edvel [&hellip;]<\/p>\n","protected":false},"author":5,"featured_media":1319,"comment_status":"open","ping_status":"open","sticky":false,"template":"","format":"standard","meta":{"_exactmetrics_skip_tracking":false,"_exactmetrics_sitenote_active":false,"_exactmetrics_sitenote_note":"","_exactmetrics_sitenote_category":0,"_ti_tpc_template_sync":false,"_ti_tpc_template_id":"","footnotes":""},"categories":[5],"tags":[],"class_list":["post-1315","post","type-post","status-publish","format-standard","has-post-thumbnail","hentry","category-nos-por-ca"],"yoast_head":"<!-- This site is optimized with the Yoast SEO plugin v22.5 - https:\/\/yoast.com\/wordpress\/plugins\/seo\/ -->\n<title>Global Teacher Prize Portugal - Palmeiras Impress Digital<\/title>\n<meta name=\"robots\" content=\"index, follow, max-snippet:-1, max-image-preview:large, max-video-preview:-1\" \/>\n<link rel=\"canonical\" href=\"https:\/\/www.quintadaspalmeiras.pt\/palmeirasimpress\/2021\/06\/15\/global-teacher-prize-portugal\/\" \/>\n<meta property=\"og:locale\" content=\"pt_PT\" \/>\n<meta property=\"og:type\" content=\"article\" \/>\n<meta property=\"og:title\" content=\"Global Teacher Prize Portugal - Palmeiras Impress Digital\" \/>\n<meta property=\"og:description\" content=\"C\u00e9lia Prata, professora da Escola Secund\u00e1ria Quinta das Palmeiras, integra a lista dos 10 finalistas do Global Teacher Prize Portugal. Este pr\u00e9mio pretende reconhecer a import\u00e2ncia da profiss\u00e3o docente, promover a excel\u00eancia no ensino, encontrar exemplos a seguir na educa\u00e7\u00e3o em Portugal e identificar candidatos ao pr\u00e9mio internacional que possam inspirar a educa\u00e7\u00e3o a n\u00edvel [&hellip;]\" \/>\n<meta property=\"og:url\" content=\"https:\/\/www.quintadaspalmeiras.pt\/palmeirasimpress\/2021\/06\/15\/global-teacher-prize-portugal\/\" \/>\n<meta property=\"og:site_name\" content=\"Palmeiras Impress Digital\" \/>\n<meta property=\"article:publisher\" content=\"https:\/\/www.facebook.com\/quintadaspalmeirascovilha\/\" \/>\n<meta property=\"article:published_time\" content=\"2021-06-15T11:25:23+00:00\" \/>\n<meta property=\"article:modified_time\" content=\"2021-06-15T11:35:57+00:00\" \/>\n<meta property=\"og:image\" content=\"https:\/\/www.quintadaspalmeiras.pt\/palmeirasimpress\/wp-content\/uploads\/2021\/06\/200679890_4429374780408722_1766405268202339997_n.jpg\" \/>\n\t<meta property=\"og:image:width\" content=\"960\" \/>\n\t<meta property=\"og:image:height\" content=\"540\" \/>\n\t<meta property=\"og:image:type\" content=\"image\/jpeg\" \/>\n<meta name=\"twitter:card\" content=\"summary_large_image\" \/>\n<meta name=\"twitter:creator\" content=\"@cteducacao\" \/>\n<meta name=\"twitter:site\" content=\"@cteducacao\" \/>\n<meta name=\"twitter:label1\" content=\"Escrito por\" \/>\n\t<meta name=\"twitter:data1\" content=\"\" \/>\n<script type=\"application\/ld+json\" class=\"yoast-schema-graph\">{\"@context\":\"https:\/\/schema.org\",\"@graph\":[{\"@type\":\"WebPage\",\"@id\":\"https:\/\/www.quintadaspalmeiras.pt\/palmeirasimpress\/2021\/06\/15\/global-teacher-prize-portugal\/\",\"url\":\"https:\/\/www.quintadaspalmeiras.pt\/palmeirasimpress\/2021\/06\/15\/global-teacher-prize-portugal\/\",\"name\":\"Global Teacher Prize Portugal - Palmeiras Impress Digital\",\"isPartOf\":{\"@id\":\"https:\/\/www.quintadaspalmeiras.pt\/palmeirasimpress\/#website\"},\"primaryImageOfPage\":{\"@id\":\"https:\/\/www.quintadaspalmeiras.pt\/palmeirasimpress\/2021\/06\/15\/global-teacher-prize-portugal\/#primaryimage\"},\"image\":{\"@id\":\"https:\/\/www.quintadaspalmeiras.pt\/palmeirasimpress\/2021\/06\/15\/global-teacher-prize-portugal\/#primaryimage\"},\"thumbnailUrl\":\"https:\/\/www.quintadaspalmeiras.pt\/palmeirasimpress\/wp-content\/uploads\/2021\/06\/200679890_4429374780408722_1766405268202339997_n.jpg\",\"datePublished\":\"2021-06-15T11:25:23+00:00\",\"dateModified\":\"2021-06-15T11:35:57+00:00\",\"author\":{\"@id\":\"\"},\"breadcrumb\":{\"@id\":\"https:\/\/www.quintadaspalmeiras.pt\/palmeirasimpress\/2021\/06\/15\/global-teacher-prize-portugal\/#breadcrumb\"},\"inLanguage\":\"pt-PT\",\"potentialAction\":[{\"@type\":\"ReadAction\",\"target\":[\"https:\/\/www.quintadaspalmeiras.pt\/palmeirasimpress\/2021\/06\/15\/global-teacher-prize-portugal\/\"]}]},{\"@type\":\"ImageObject\",\"inLanguage\":\"pt-PT\",\"@id\":\"https:\/\/www.quintadaspalmeiras.pt\/palmeirasimpress\/2021\/06\/15\/global-teacher-prize-portugal\/#primaryimage\",\"url\":\"https:\/\/www.quintadaspalmeiras.pt\/palmeirasimpress\/wp-content\/uploads\/2021\/06\/200679890_4429374780408722_1766405268202339997_n.jpg\",\"contentUrl\":\"https:\/\/www.quintadaspalmeiras.pt\/palmeirasimpress\/wp-content\/uploads\/2021\/06\/200679890_4429374780408722_1766405268202339997_n.jpg\",\"width\":960,\"height\":540},{\"@type\":\"BreadcrumbList\",\"@id\":\"https:\/\/www.quintadaspalmeiras.pt\/palmeirasimpress\/2021\/06\/15\/global-teacher-prize-portugal\/#breadcrumb\",\"itemListElement\":[{\"@type\":\"ListItem\",\"position\":1,\"name\":\"In\u00edcio\",\"item\":\"https:\/\/www.quintadaspalmeiras.pt\/palmeirasimpress\/\"},{\"@type\":\"ListItem\",\"position\":2,\"name\":\"Global Teacher Prize Portugal\"}]},{\"@type\":\"WebSite\",\"@id\":\"https:\/\/www.quintadaspalmeiras.pt\/palmeirasimpress\/#website\",\"url\":\"https:\/\/www.quintadaspalmeiras.pt\/palmeirasimpress\/\",\"name\":\"Palmeiras Impress Digital\",\"description\":\"Jornal Digital da Escola Quinta das Palmeiras - Covilh\u00e3\",\"potentialAction\":[{\"@type\":\"SearchAction\",\"target\":{\"@type\":\"EntryPoint\",\"urlTemplate\":\"https:\/\/www.quintadaspalmeiras.pt\/palmeirasimpress\/?s={search_term_string}\"},\"query-input\":\"required name=search_term_string\"}],\"inLanguage\":\"pt-PT\"},{\"@type\":\"Person\",\"@id\":\"\",\"url\":\"https:\/\/www.quintadaspalmeiras.pt\/palmeirasimpress\/author\/\"}]}<\/script>\n<!-- \/ Yoast SEO plugin. -->","yoast_head_json":{"title":"Global Teacher Prize Portugal - Palmeiras Impress Digital","robots":{"index":"index","follow":"follow","max-snippet":"max-snippet:-1","max-image-preview":"max-image-preview:large","max-video-preview":"max-video-preview:-1"},"canonical":"https:\/\/www.quintadaspalmeiras.pt\/palmeirasimpress\/2021\/06\/15\/global-teacher-prize-portugal\/","og_locale":"pt_PT","og_type":"article","og_title":"Global Teacher Prize Portugal - Palmeiras Impress Digital","og_description":"C\u00e9lia Prata, professora da Escola Secund\u00e1ria Quinta das Palmeiras, integra a lista dos 10 finalistas do Global Teacher Prize Portugal. Este pr\u00e9mio pretende reconhecer a import\u00e2ncia da profiss\u00e3o docente, promover a excel\u00eancia no ensino, encontrar exemplos a seguir na educa\u00e7\u00e3o em Portugal e identificar candidatos ao pr\u00e9mio internacional que possam inspirar a educa\u00e7\u00e3o a n\u00edvel [&hellip;]","og_url":"https:\/\/www.quintadaspalmeiras.pt\/palmeirasimpress\/2021\/06\/15\/global-teacher-prize-portugal\/","og_site_name":"Palmeiras Impress Digital","article_publisher":"https:\/\/www.facebook.com\/quintadaspalmeirascovilha\/","article_published_time":"2021-06-15T11:25:23+00:00","article_modified_time":"2021-06-15T11:35:57+00:00","og_image":[{"width":960,"height":540,"url":"https:\/\/www.quintadaspalmeiras.pt\/palmeirasimpress\/wp-content\/uploads\/2021\/06\/200679890_4429374780408722_1766405268202339997_n.jpg","type":"image\/jpeg"}],"twitter_card":"summary_large_image","twitter_creator":"@cteducacao","twitter_site":"@cteducacao","twitter_misc":{"Escrito por":""},"schema":{"@context":"https:\/\/schema.org","@graph":[{"@type":"WebPage","@id":"https:\/\/www.quintadaspalmeiras.pt\/palmeirasimpress\/2021\/06\/15\/global-teacher-prize-portugal\/","url":"https:\/\/www.quintadaspalmeiras.pt\/palmeirasimpress\/2021\/06\/15\/global-teacher-prize-portugal\/","name":"Global Teacher Prize Portugal - Palmeiras Impress Digital","isPartOf":{"@id":"https:\/\/www.quintadaspalmeiras.pt\/palmeirasimpress\/#website"},"primaryImageOfPage":{"@id":"https:\/\/www.quintadaspalmeiras.pt\/palmeirasimpress\/2021\/06\/15\/global-teacher-prize-portugal\/#primaryimage"},"image":{"@id":"https:\/\/www.quintadaspalmeiras.pt\/palmeirasimpress\/2021\/06\/15\/global-teacher-prize-portugal\/#primaryimage"},"thumbnailUrl":"https:\/\/www.quintadaspalmeiras.pt\/palmeirasimpress\/wp-content\/uploads\/2021\/06\/200679890_4429374780408722_1766405268202339997_n.jpg","datePublished":"2021-06-15T11:25:23+00:00","dateModified":"2021-06-15T11:35:57+00:00","author":{"@id":""},"breadcrumb":{"@id":"https:\/\/www.quintadaspalmeiras.pt\/palmeirasimpress\/2021\/06\/15\/global-teacher-prize-portugal\/#breadcrumb"},"inLanguage":"pt-PT","potentialAction":[{"@type":"ReadAction","target":["https:\/\/www.quintadaspalmeiras.pt\/palmeirasimpress\/2021\/06\/15\/global-teacher-prize-portugal\/"]}]},{"@type":"ImageObject","inLanguage":"pt-PT","@id":"https:\/\/www.quintadaspalmeiras.pt\/palmeirasimpress\/2021\/06\/15\/global-teacher-prize-portugal\/#primaryimage","url":"https:\/\/www.quintadaspalmeiras.pt\/palmeirasimpress\/wp-content\/uploads\/2021\/06\/200679890_4429374780408722_1766405268202339997_n.jpg","contentUrl":"https:\/\/www.quintadaspalmeiras.pt\/palmeirasimpress\/wp-content\/uploads\/2021\/06\/200679890_4429374780408722_1766405268202339997_n.jpg","width":960,"height":540},{"@type":"BreadcrumbList","@id":"https:\/\/www.quintadaspalmeiras.pt\/palmeirasimpress\/2021\/06\/15\/global-teacher-prize-portugal\/#breadcrumb","itemListElement":[{"@type":"ListItem","position":1,"name":"In\u00edcio","item":"https:\/\/www.quintadaspalmeiras.pt\/palmeirasimpress\/"},{"@type":"ListItem","position":2,"name":"Global Teacher Prize Portugal"}]},{"@type":"WebSite","@id":"https:\/\/www.quintadaspalmeiras.pt\/palmeirasimpress\/#website","url":"https:\/\/www.quintadaspalmeiras.pt\/palmeirasimpress\/","name":"Palmeiras Impress Digital","description":"Jornal Digital da Escola Quinta das Palmeiras - Covilh\u00e3","potentialAction":[{"@type":"SearchAction","target":{"@type":"EntryPoint","urlTemplate":"https:\/\/www.quintadaspalmeiras.pt\/palmeirasimpress\/?s={search_term_string}"},"query-input":"required name=search_term_string"}],"inLanguage":"pt-PT"},{"@type":"Person","@id":"","url":"https:\/\/www.quintadaspalmeiras.pt\/palmeirasimpress\/author\/"}]}},"_links":{"self":[{"href":"https:\/\/www.quintadaspalmeiras.pt\/palmeirasimpress\/wp-json\/wp\/v2\/posts\/1315","targetHints":{"allow":["GET"]}}],"collection":[{"href":"https:\/\/www.quintadaspalmeiras.pt\/palmeirasimpress\/wp-json\/wp\/v2\/posts"}],"about":[{"href":"https:\/\/www.quintadaspalmeiras.pt\/palmeirasimpress\/wp-json\/wp\/v2\/types\/post"}],"author":[{"embeddable":true,"href":"https:\/\/www.quintadaspalmeiras.pt\/palmeirasimpress\/wp-json\/wp\/v2\/users\/5"}],"replies":[{"embeddable":true,"href":"https:\/\/www.quintadaspalmeiras.pt\/palmeirasimpress\/wp-json\/wp\/v2\/comments?post=1315"}],"version-history":[{"count":2,"href":"https:\/\/www.quintadaspalmeiras.pt\/palmeirasimpress\/wp-json\/wp\/v2\/posts\/1315\/revisions"}],"predecessor-version":[{"id":1326,"href":"https:\/\/www.quintadaspalmeiras.pt\/palmeirasimpress\/wp-json\/wp\/v2\/posts\/1315\/revisions\/1326"}],"wp:featuredmedia":[{"embeddable":true,"href":"https:\/\/www.quintadaspalmeiras.pt\/palmeirasimpress\/wp-json\/wp\/v2\/media\/1319"}],"wp:attachment":[{"href":"https:\/\/www.quintadaspalmeiras.pt\/palmeirasimpress\/wp-json\/wp\/v2\/media?parent=1315"}],"wp:term":[{"taxonomy":"category","embeddable":true,"href":"https:\/\/www.quintadaspalmeiras.pt\/palmeirasimpress\/wp-json\/wp\/v2\/categories?post=1315"},{"taxonomy":"post_tag","embeddable":true,"href":"https:\/\/www.quintadaspalmeiras.pt\/palmeirasimpress\/wp-json\/wp\/v2\/tags?post=1315"}],"curies":[{"name":"wp","href":"https:\/\/api.w.org\/{rel}","templated":true}]}}